{"id":24383,"date":"2022-02-14T13:25:40","date_gmt":"2022-02-14T16:25:40","guid":{"rendered":"https:\/\/www.eesc.usp.br\/comunicacao-admin\/?p=24383"},"modified":"2022-06-06T07:50:25","modified_gmt":"2022-06-06T10:50:25","slug":"edital-atac-03-2022-processo-seletivo-para-contratacao-de-professor-temporario-sel","status":"publish","type":"post","link":"https:\/\/eesc.usp.br\/comunicacao-admin\/?p=24383","title":{"rendered":"Edital ATAc-03\/2022 \u2013 Reabertura do processo seletivo para contrata\u00e7\u00e3o de professor tempor\u00e1rio (SEL)"},"content":{"rendered":"<p><strong>Vaga: <br \/>\n<\/strong>Professor Contratado III (MS-3.1, para os contratados com t\u00edtulo de Doutor),\u00a0ou como\u00a0Professor Contratado II (MS-2, para os contratados com t\u00edtulo de Mestre), j<span style=\"background-color: var(--global--color-background); color: var(--global--color-primary); font-family: var(--global--font-secondary); font-size: var(--global--font-size-base);\">unto ao Departamento\/\u00c1rea de Departamento de Engenharia El\u00e9trica e de Computa\u00e7\u00e3o.<\/span><\/p>\n<p><strong>Inscri\u00e7\u00f5es: <\/strong><br \/>\nDas 8 horas do dia 14\/02\/22 \u00e0s 17 horas do dia 28\/02\/22.<\/p>\n<p>&nbsp;<\/p>\n<table style=\"background-color: #f5f5f5; width: 99.9098%; height: 140px;\">\n<tbody>\n<tr style=\"height: 35px;\">\n<td style=\"width: 15.9485%; height: 35px; border-style: solid; border-color: #f0f0f0; background-color: #ebebed; text-align: left;\"><strong><span style=\"font-size: 12px;\">DATA<\/span><\/strong><\/td>\n<td style=\"width: 84.0515%; height: 35px; border-style: solid; border-color: #f0f0f0; background-color: #ebebed; text-align: left;\"><strong><span style=\"font-size: 12px;\">PUBLICA\u00c7\u00c3O<\/span><\/strong><\/td>\n<\/tr>\n<tr>\n<td style=\"width: 15.9485%; border-style: solid; border-color: #f0f0f0; background-color: #ebebed; text-align: left;\">06\/06\/22<\/td>\n<td style=\"width: 84.0515%; border-style: solid; border-color: #f0f0f0; background-color: #ebebed; text-align: left;\"><a href=\"https:\/\/www.eesc.usp.br\/comunicacao-admin\/wp-content\/uploads\/2022\/02\/Edital_03_2022-Agenda_de_Trabalhos_.pdf\">Agenda de Trabalhos &#8211; J\u00e9ssica Fernandes Alves<\/a><\/td>\n<\/tr>\n<tr>\n<td style=\"width: 15.9485%; border-style: solid; border-color: #f0f0f0; background-color: #ebebed; text-align: left;\">25\/05\/22<\/td>\n<td style=\"width: 84.0515%; border-style: solid; border-color: #f0f0f0; background-color: #ebebed; text-align: left;\"><a href=\"https:\/\/www.eesc.usp.br\/comunicacao-admin\/wp-content\/uploads\/2022\/02\/ATAc_25-2022_Edital_aceitacao_inscricoes_CJ_e_convocacao_-_SEL.pdf\" target=\"_blank\" rel=\"noopener\">Aceita\u00e7\u00e3o de inscri\u00e7\u00e3o, constitui\u00e7\u00e3o de banca e convoca\u00e7\u00e3o para as provas<\/a><\/td>\n<\/tr>\n<tr>\n<td style=\"width: 15.9485%; border-style: solid; border-color: #f0f0f0; background-color: #ebebed; text-align: left;\">02\/05\/22<\/td>\n<td style=\"width: 84.0515%; border-style: solid; border-color: #f0f0f0; background-color: #ebebed; text-align: left;\"><a href=\"https:\/\/www.eesc.usp.br\/comunicacao-admin\/wp-content\/uploads\/2022\/02\/DOE_de_reabertura_de_inscricoes_PS_SEL.pdf\" target=\"_blank\" rel=\"noopener\">Reabertura das inscri\u00e7\u00f5es ao Processo Seletivo<\/a>\u00a0<\/td>\n<\/tr>\n<tr>\n<td style=\"width: 15.9485%; border-style: solid; border-color: #f0f0f0; background-color: #ebebed; text-align: left;\">23\/02\/22<\/td>\n<td style=\"width: 84.0515%; border-style: solid; border-color: #f0f0f0; background-color: #ebebed; text-align: left;\"><a href=\"https:\/\/www.eesc.usp.br\/comunicacao-admin\/wp-content\/uploads\/2022\/02\/RetificaA\u00a7Ao_edital_8_2022.pdf\">Retifica\u00e7\u00e3o do Edital ATAc-03\/2022<\/a><\/td>\n<\/tr>\n<tr>\n<td style=\"width: 15.9485%; border-style: solid; border-color: #f0f0f0; background-color: #ebebed; text-align: left;\">17\/02\/22<\/td>\n<td style=\"width: 84.0515%; border-style: solid; border-color: #f0f0f0; background-color: #ebebed; text-align: left;\"><a href=\"https:\/\/www.eesc.usp.br\/comunicacao-admin\/wp-content\/uploads\/2022\/02\/RetificaA\u00a7Ao_edital_3_2022.pdf\" target=\"_blank\" rel=\"noopener\">Retifica\u00e7\u00e3o do Edital ATAc-03\/2022<\/a><\/td>\n<\/tr>\n<tr style=\"height: 35px;\">\n<td style=\"width: 15.9485%; height: 35px; border-style: solid; border-color: #f0f0f0; background-color: #ebebed; text-align: left;\">14\/02\/22<\/td>\n<td style=\"width: 84.0515%; height: 35px; border-style: solid; border-color: #f0f0f0; background-color: #ebebed; text-align: left;\"><a href=\"https:\/\/www.eesc.usp.br\/comunicacao-admin\/wp-content\/uploads\/2022\/02\/Edital-ATAc-3-2022-Abertura-de-inscricao.pdf\">Edital ATAc 03\/2022 &#8211; Abertura do processo<\/a><\/td>\n<\/tr>\n<\/tbody>\n<\/table>\n<div>\u00a0<\/div>\n","protected":false},"excerpt":{"rendered":"<p>\u00daltima publica\u00e7\u00e3o: Agenda de Trabalhos &#8211; J\u00e9ssica Fernandes Alves<\/p>\n","protected":false},"author":2,"featured_media":16872,"comment_status":"closed","ping_status":"closed","sticky":false,"template":"","format":"standard","meta":{"inline_featured_image":false,"footnotes":""},"categories":[44,37],"tags":[],"class_list":["post-24383","post","type-post","status-publish","format-standard","has-post-thumbnail","hentry","category-concursos","category-noticias","entry"],"_links":{"self":[{"href":"https:\/\/eesc.usp.br\/comunicacao-admin\/index.php?rest_route=\/wp\/v2\/posts\/24383","targetHints":{"allow":["GET"]}}],"collection":[{"href":"https:\/\/eesc.usp.br\/comunicacao-admin\/index.php?rest_route=\/wp\/v2\/posts"}],"about":[{"href":"https:\/\/eesc.usp.br\/comunicacao-admin\/index.php?rest_route=\/wp\/v2\/types\/post"}],"author":[{"embeddable":true,"href":"https:\/\/eesc.usp.br\/comunicacao-admin\/index.php?rest_route=\/wp\/v2\/users\/2"}],"replies":[{"embeddable":true,"href":"https:\/\/eesc.usp.br\/comunicacao-admin\/index.php?rest_route=%2Fwp%2Fv2%2Fcomments&post=24383"}],"version-history":[{"count":9,"href":"https:\/\/eesc.usp.br\/comunicacao-admin\/index.php?rest_route=\/wp\/v2\/posts\/24383\/revisions"}],"predecessor-version":[{"id":26531,"href":"https:\/\/eesc.usp.br\/comunicacao-admin\/index.php?rest_route=\/wp\/v2\/posts\/24383\/revisions\/26531"}],"wp:featuredmedia":[{"embeddable":true,"href":"https:\/\/eesc.usp.br\/comunicacao-admin\/index.php?rest_route=\/wp\/v2\/media\/16872"}],"wp:attachment":[{"href":"https:\/\/eesc.usp.br\/comunicacao-admin\/index.php?rest_route=%2Fwp%2Fv2%2Fmedia&parent=24383"}],"wp:term":[{"taxonomy":"category","embeddable":true,"href":"https:\/\/eesc.usp.br\/comunicacao-admin\/index.php?rest_route=%2Fwp%2Fv2%2Fcategories&post=24383"},{"taxonomy":"post_tag","embeddable":true,"href":"https:\/\/eesc.usp.br\/comunicacao-admin\/index.php?rest_route=%2Fwp%2Fv2%2Ftags&post=24383"}],"curies":[{"name":"wp","href":"https:\/\/api.w.org\/{rel}","templated":true}]}}