{"id":24521,"date":"2022-02-21T07:36:54","date_gmt":"2022-02-21T10:36:54","guid":{"rendered":"https:\/\/www.eesc.usp.br\/comunicacao-admin\/?p=24521"},"modified":"2022-02-21T07:36:54","modified_gmt":"2022-02-21T10:36:54","slug":"portarias-reajustam-o-auxilio-alimentacao-e-o-vale-refeicao","status":"publish","type":"post","link":"https:\/\/eesc.usp.br\/comunicacao-admin\/?p=24521","title":{"rendered":"Portarias reajustam o Aux\u00edlio-Alimenta\u00e7\u00e3o e o Vale-Refei\u00e7\u00e3o"},"content":{"rendered":"<p>PORTARIA GR 7693, DE 18 DE FEVEREIRO DE 2022.<br \/>\nReajusta o valor do Aux\u00edlio-Alimenta\u00e7\u00e3o.<\/p>\n<p>O Reitor da Universidade de S\u00e3o Paulo, nos termos do artigo 42, I, do Estatuto, e considerando a delibera\u00e7\u00e3o da d. COP em reuni\u00e3o de 15-02-2022, baixa a seguinte<br \/>\nP O R T A R I A:<br \/>\nArtigo 1\u00ba \u2013 O valor mensal do benef\u00edcio do Aux\u00edlio-Alimenta\u00e7\u00e3o, a que se refere o artigo 2\u00ba da Portaria GR 5.038\/2011, passa a ser de R$ 1.090,00 (mil e noventa reais).<br \/>\nArtigo 2\u00ba \u2013 Esta Portaria se aplica a partir de 1\u00ba de fevereiro de 2022.<br \/>\nArtigo 3\u00ba \u2013 Ficam revogadas, a contar de 1\u00ba de fevereiro de 2022, as disposi\u00e7\u00f5es em contr\u00e1rio, em especial a Portaria GR 7.451\/2019 (Proc. USP 05.1.21971.1.0).<\/p>\n<p>PORTARIA GR 7694, DE 18 DE FEVEREIRO DE 2022.<br \/>\nReajusta o valor do Vale-Refei\u00e7\u00e3o.<br \/>\nO Reitor da Universidade de S\u00e3o Paulo, nos termos do artigo 42, I, do Estatuto, e considerando a delibera\u00e7\u00e3o da d. COP em reuni\u00e3o de 15-02-2022, baixa a seguinte<br \/>\nP O R T A R I A:<br \/>\nArtigo 1\u00ba \u2013 O valor unit\u00e1rio do vale-refei\u00e7\u00e3o, a que se refere o artigo 4\u00ba da Portaria GR 5.594\/2012, passa a ser de R$ 45,00 (quarenta e cinco reais).<br \/>\nArtigo 2\u00ba \u2013 Esta Portaria se aplica a partir de 1\u00ba de fevereiro de 2022.<\/p>\n<p>\n<a href=\"https:\/\/www.eesc.usp.br\/comunicacao-admin\/wp-content\/uploads\/2022\/02\/do_190222_pg_0103.pdf\">\u00bb D.O. pg 0103<\/a><\/p>\n","protected":false},"excerpt":{"rendered":"<p>Portaria do Gabinete do Reitor publicada no Di\u00e1rio Oficial.<\/p>\n","protected":false},"author":2,"featured_media":0,"comment_status":"closed","ping_status":"open","sticky":false,"template":"","format":"standard","meta":{"inline_featured_image":false,"footnotes":""},"categories":[111],"tags":[],"class_list":["post-24521","post","type-post","status-publish","format-standard","hentry","category-comunicados-alunos","entry"],"_links":{"self":[{"href":"https:\/\/eesc.usp.br\/comunicacao-admin\/index.php?rest_route=\/wp\/v2\/posts\/24521","targetHints":{"allow":["GET"]}}],"collection":[{"href":"https:\/\/eesc.usp.br\/comunicacao-admin\/index.php?rest_route=\/wp\/v2\/posts"}],"about":[{"href":"https:\/\/eesc.usp.br\/comunicacao-admin\/index.php?rest_route=\/wp\/v2\/types\/post"}],"author":[{"embeddable":true,"href":"https:\/\/eesc.usp.br\/comunicacao-admin\/index.php?rest_route=\/wp\/v2\/users\/2"}],"replies":[{"embeddable":true,"href":"https:\/\/eesc.usp.br\/comunicacao-admin\/index.php?rest_route=%2Fwp%2Fv2%2Fcomments&post=24521"}],"version-history":[{"count":1,"href":"https:\/\/eesc.usp.br\/comunicacao-admin\/index.php?rest_route=\/wp\/v2\/posts\/24521\/revisions"}],"predecessor-version":[{"id":24523,"href":"https:\/\/eesc.usp.br\/comunicacao-admin\/index.php?rest_route=\/wp\/v2\/posts\/24521\/revisions\/24523"}],"wp:attachment":[{"href":"https:\/\/eesc.usp.br\/comunicacao-admin\/index.php?rest_route=%2Fwp%2Fv2%2Fmedia&parent=24521"}],"wp:term":[{"taxonomy":"category","embeddable":true,"href":"https:\/\/eesc.usp.br\/comunicacao-admin\/index.php?rest_route=%2Fwp%2Fv2%2Fcategories&post=24521"},{"taxonomy":"post_tag","embeddable":true,"href":"https:\/\/eesc.usp.br\/comunicacao-admin\/index.php?rest_route=%2Fwp%2Fv2%2Ftags&post=24521"}],"curies":[{"name":"wp","href":"https:\/\/api.w.org\/{rel}","templated":true}]}}