{"id":25062,"date":"2022-03-20T18:00:44","date_gmt":"2022-03-20T21:00:44","guid":{"rendered":"https:\/\/www.eesc.usp.br\/comunicacao-admin\/?p=25062"},"modified":"2022-03-22T07:17:02","modified_gmt":"2022-03-22T10:17:02","slug":"retorno-das-aula-na-eesc-aconteceu-de-forma-segura","status":"publish","type":"post","link":"https:\/\/eesc.usp.br\/comunicacao-admin\/?p=25062","title":{"rendered":"Retorno das aulas na EESC aconteceu de forma segura"},"content":{"rendered":"<p>Com o objetivo de avaliar o retorno presencial das aulas de gradua\u00e7\u00e3o, a Diretoria da EESC realizou na \u00faltima sexta-feira, dia 18, uma reuni\u00e3o on-line com os docentes da Unidade.<\/p>\n<p>Na oportunidade, foram discutidas quest\u00f5es relacionadas \u00e0 infraestrutura, espa\u00e7os e servi\u00e7os de apoio, com base nas <a href=\"https:\/\/retornoseguro.usp.br\/\">orienta\u00e7\u00f5es e protocolos<\/a> estabelecidos pela reitoria da Universidade e Comiss\u00e3o Assessora de Sa\u00fade da USP.<\/p>\n<p>Divididos em grupos, os professores puderam debater e depois expor para a plen\u00e1ria algumas experi\u00eancias, d\u00favidas e tamb\u00e9m dificuldades.\u00a0<\/p>\n<p>&#8220;J\u00e1 t\u00ednhamos a expectativa de que essa primeira semana seria um per\u00edodo de adapta\u00e7\u00e3o, porque estamos iniciando o ano letivo durante uma transi\u00e7\u00e3o importante de flexibiliza\u00e7\u00e3o da pandemia. De um modo geral, o retorno aconteceu de forma segura para todos, e os ajustes ser\u00e3o feitos nesses pr\u00f3ximos dias&#8221;, explicou o professor Edson Cezar Wendland, diretor da EESC.\u00a0<\/p>\n<p>No encontro, os professores tamb\u00e9m defenderam que, mesmo diante da libera\u00e7\u00e3o anunciada pelo Governo do Estado de SP, a EESC mantenha a recomenda\u00e7\u00e3o de uso de m\u00e1scaras nos espa\u00e7os da universidade.\u00a0<\/p>\n<p><img loading=\"lazy\" decoding=\"async\" class=\"aligncenter size-large wp-image-25063\" src=\"https:\/\/www.eesc.usp.br\/comunicacao-admin\/wp-content\/uploads\/2022\/03\/eesc_reuniao_docentes_avalia_retorno-1024x457.png\" alt=\"\" width=\"750\" height=\"335\" srcset=\"https:\/\/eesc.usp.br\/comunicacao-admin\/wp-content\/uploads\/2022\/03\/eesc_reuniao_docentes_avalia_retorno-1024x457.png 1024w, https:\/\/eesc.usp.br\/comunicacao-admin\/wp-content\/uploads\/2022\/03\/eesc_reuniao_docentes_avalia_retorno-300x134.png 300w, https:\/\/eesc.usp.br\/comunicacao-admin\/wp-content\/uploads\/2022\/03\/eesc_reuniao_docentes_avalia_retorno-768x343.png 768w, https:\/\/eesc.usp.br\/comunicacao-admin\/wp-content\/uploads\/2022\/03\/eesc_reuniao_docentes_avalia_retorno-1536x686.png 1536w, https:\/\/eesc.usp.br\/comunicacao-admin\/wp-content\/uploads\/2022\/03\/eesc_reuniao_docentes_avalia_retorno-1568x700.png 1568w, https:\/\/eesc.usp.br\/comunicacao-admin\/wp-content\/uploads\/2022\/03\/eesc_reuniao_docentes_avalia_retorno.png 1888w\" sizes=\"auto, (max-width: 750px) 100vw, 750px\" \/> <img loading=\"lazy\" decoding=\"async\" class=\"aligncenter size-large wp-image-25064\" src=\"https:\/\/www.eesc.usp.br\/comunicacao-admin\/wp-content\/uploads\/2022\/03\/eesc_reuniao_docentes_avalia_retorno_apresenta-1024x547.png\" alt=\"\" width=\"750\" height=\"401\" srcset=\"https:\/\/eesc.usp.br\/comunicacao-admin\/wp-content\/uploads\/2022\/03\/eesc_reuniao_docentes_avalia_retorno_apresenta-1024x547.png 1024w, https:\/\/eesc.usp.br\/comunicacao-admin\/wp-content\/uploads\/2022\/03\/eesc_reuniao_docentes_avalia_retorno_apresenta-300x160.png 300w, https:\/\/eesc.usp.br\/comunicacao-admin\/wp-content\/uploads\/2022\/03\/eesc_reuniao_docentes_avalia_retorno_apresenta-768x410.png 768w, https:\/\/eesc.usp.br\/comunicacao-admin\/wp-content\/uploads\/2022\/03\/eesc_reuniao_docentes_avalia_retorno_apresenta-1536x820.png 1536w, https:\/\/eesc.usp.br\/comunicacao-admin\/wp-content\/uploads\/2022\/03\/eesc_reuniao_docentes_avalia_retorno_apresenta-1568x837.png 1568w, https:\/\/eesc.usp.br\/comunicacao-admin\/wp-content\/uploads\/2022\/03\/eesc_reuniao_docentes_avalia_retorno_apresenta.png 1587w\" sizes=\"auto, (max-width: 750px) 100vw, 750px\" \/><\/p>\n<p>&nbsp;<\/p>\n","protected":false},"excerpt":{"rendered":"<p>Docentes se reuniram para avaliar a primeira semana do ano letivo. <\/p>\n","protected":false},"author":2,"featured_media":25073,"comment_status":"closed","ping_status":"closed","sticky":false,"template":"","format":"standard","meta":{"inline_featured_image":false,"footnotes":""},"categories":[37],"tags":[],"class_list":["post-25062","post","type-post","status-publish","format-standard","has-post-thumbnail","hentry","category-noticias","entry"],"_links":{"self":[{"href":"https:\/\/eesc.usp.br\/comunicacao-admin\/index.php?rest_route=\/wp\/v2\/posts\/25062","targetHints":{"allow":["GET"]}}],"collection":[{"href":"https:\/\/eesc.usp.br\/comunicacao-admin\/index.php?rest_route=\/wp\/v2\/posts"}],"about":[{"href":"https:\/\/eesc.usp.br\/comunicacao-admin\/index.php?rest_route=\/wp\/v2\/types\/post"}],"author":[{"embeddable":true,"href":"https:\/\/eesc.usp.br\/comunicacao-admin\/index.php?rest_route=\/wp\/v2\/users\/2"}],"replies":[{"embeddable":true,"href":"https:\/\/eesc.usp.br\/comunicacao-admin\/index.php?rest_route=%2Fwp%2Fv2%2Fcomments&post=25062"}],"version-history":[{"count":9,"href":"https:\/\/eesc.usp.br\/comunicacao-admin\/index.php?rest_route=\/wp\/v2\/posts\/25062\/revisions"}],"predecessor-version":[{"id":25074,"href":"https:\/\/eesc.usp.br\/comunicacao-admin\/index.php?rest_route=\/wp\/v2\/posts\/25062\/revisions\/25074"}],"wp:featuredmedia":[{"embeddable":true,"href":"https:\/\/eesc.usp.br\/comunicacao-admin\/index.php?rest_route=\/wp\/v2\/media\/25073"}],"wp:attachment":[{"href":"https:\/\/eesc.usp.br\/comunicacao-admin\/index.php?rest_route=%2Fwp%2Fv2%2Fmedia&parent=25062"}],"wp:term":[{"taxonomy":"category","embeddable":true,"href":"https:\/\/eesc.usp.br\/comunicacao-admin\/index.php?rest_route=%2Fwp%2Fv2%2Fcategories&post=25062"},{"taxonomy":"post_tag","embeddable":true,"href":"https:\/\/eesc.usp.br\/comunicacao-admin\/index.php?rest_route=%2Fwp%2Fv2%2Ftags&post=25062"}],"curies":[{"name":"wp","href":"https:\/\/api.w.org\/{rel}","templated":true}]}}