{"id":30294,"date":"2022-12-01T12:00:18","date_gmt":"2022-12-01T12:00:18","guid":{"rendered":"https:\/\/eesc.usp.br\/noticias\/posts_s.php?guid=30294"},"modified":"2022-12-02T18:00:17","modified_gmt":"2022-12-02T18:00:17","slug":"ferramentas-de-diagnostico-analitico-em-economia-circular-para-organizacoes-analise-comparativa-e-o-caso-da-industria-brasileira","status":"publish","type":"post","link":"https:\/\/eesc.usp.br\/comunicacao-admin\/?p=30294","title":{"rendered":"Ferramentas de diagn\u00f3stico anal\u00edtico em economia circular para organiza\u00e7\u00f5es: an\u00e1lise comparativa e o caso da ind\u00fastria brasileira"},"content":{"rendered":"<table style=\"border: 0 !important;\">\n<tr>\n<td style=\"border: 0 !important; text-align: right; width: 15%; font-weight: bold;\"><strong>Programa:<\/strong> <\/td>\n<td style=\"border: 0 !important;\">Engenharia de Produ\u00e7\u00e3o<\/td>\n<\/tr>\n<tr class=\"mb-3\">\n<td style=\"border: 0 !important; text-align: right; width: 15%; font-weight: bold; vertical-align:text-top;\"><strong>N\u00edvel:<\/strong> <\/td>\n<td style=\"border: 0 !important;\">Mestrado<\/p>\n<\/td>\n<\/tr>\n<tr class=\"mb-3\">\n<td style=\"border: 0 !important; text-align: right; width: 15%; font-weight: bold; vertical-align:text-top;\"><strong>T\u00edtulo:<\/strong> <\/td>\n<td style=\"border: 0 !important;\">Ferramentas de diagn\u00f3stico anal\u00edtico em economia circular para organiza\u00e7\u00f5es: an\u00e1lise comparativa e o caso da ind\u00fastria brasileira<\/p>\n<\/td>\n<\/tr>\n<tr>\n<td style=\"border: 0 !important; text-align: right; width: 15%; font-weight: bold; vertical-align:text-top;\"><strong>Aluno:<\/strong> <\/td>\n<td style=\"border: 0 !important;\">Nath\u00e1lia Feltrin<\/p>\n<\/td>\n<\/tr>\n<tr class=\"mb-3\">\n<td style=\"border: 0 !important; text-align: right; width: 15%; font-weight: bold;\"><strong>Orientador:<\/strong> <\/td>\n<td style=\"border: 0 !important;\">Aldo Roberto Ometto<\/td>\n<\/tr>\n<tr class=\"mb-3\">\n<td style=\"border: 0 !important; text-align: right; width: 15%; font-weight: bold; vertical-align:text-top;\"><strong>Banca:<\/strong> <\/td>\n<td style=\"border: 0 !important;\">Aldo Roberto Ometto<br \/> Prof. Dr. Mateus Cecilio Gerolamo (SEP-EESC\/USP)<br \/>Dr. Diego Rodrigues Iritani (Upcycle Brasil)<\/p>\n<\/td>\n<\/tr>\n<tr>\n<td style=\"border: 0 !important; text-align: right; width: 15%; font-weight: bold;\"><strong>Data:<\/strong> <\/td>\n<td style=\"border: 0 !important;\">02\/12\/2022<\/td>\n<\/tr>\n<tr>\n<td style=\"border: 0 !important; text-align: right; width: 15%; font-weight: bold;\"><strong>Hora:<\/strong> <\/td>\n<td style=\"border: 0 !important;\">08:00<\/td>\n<\/tr>\n<tr>\n<td style=\"border: 0 !important; text-align: right; width: 15%; font-weight: bold;\"><strong>Local:<\/strong> <\/td>\n<td style=\"border: 0 !important;\">sala de defesa do SEP \/ Google Meet-https:\/\/meet.google.com\/jbt-kqmu-knt<\/td>\n<\/tr>\n<\/table>\n","protected":false},"excerpt":{"rendered":"<p>Programa: Engenharia de Produ\u00e7\u00e3o N\u00edvel: Mestrado T\u00edtulo: Ferramentas de diagn\u00f3stico anal\u00edtico em economia circular para organiza\u00e7\u00f5es: an\u00e1lise comparativa e o caso da ind\u00fastria brasileira Aluno: Nath\u00e1lia Feltrin Orientador: Aldo Roberto Ometto Banca: Aldo Roberto Ometto Prof. Dr. Mateus Cecilio Gerolamo (SEP-EESC\/USP)Dr. Diego Rodrigues Iritani (Upcycle Brasil) Data: 02\/12\/2022 Hora: 08:00 Local: sala de defesa do&hellip; <a class=\"more-link\" href=\"https:\/\/eesc.usp.br\/comunicacao-admin\/?p=30294\">Continuar lendo <span class=\"screen-reader-text\">Ferramentas de diagn\u00f3stico anal\u00edtico em economia circular para organiza\u00e7\u00f5es: an\u00e1lise comparativa e o caso da ind\u00fastria brasileira<\/span><\/a><\/p>\n","protected":false},"author":4,"featured_media":0,"comment_status":"closed","ping_status":"closed","sticky":false,"template":"","format":"standard","meta":{"inline_featured_image":false,"footnotes":""},"categories":[152],"tags":[],"class_list":["post-30294","post","type-post","status-publish","format-standard","hentry","category-defesas","entry"],"_links":{"self":[{"href":"https:\/\/eesc.usp.br\/comunicacao-admin\/index.php?rest_route=\/wp\/v2\/posts\/30294","targetHints":{"allow":["GET"]}}],"collection":[{"href":"https:\/\/eesc.usp.br\/comunicacao-admin\/index.php?rest_route=\/wp\/v2\/posts"}],"about":[{"href":"https:\/\/eesc.usp.br\/comunicacao-admin\/index.php?rest_route=\/wp\/v2\/types\/post"}],"author":[{"embeddable":true,"href":"https:\/\/eesc.usp.br\/comunicacao-admin\/index.php?rest_route=\/wp\/v2\/users\/4"}],"replies":[{"embeddable":true,"href":"https:\/\/eesc.usp.br\/comunicacao-admin\/index.php?rest_route=%2Fwp%2Fv2%2Fcomments&post=30294"}],"version-history":[{"count":0,"href":"https:\/\/eesc.usp.br\/comunicacao-admin\/index.php?rest_route=\/wp\/v2\/posts\/30294\/revisions"}],"wp:attachment":[{"href":"https:\/\/eesc.usp.br\/comunicacao-admin\/index.php?rest_route=%2Fwp%2Fv2%2Fmedia&parent=30294"}],"wp:term":[{"taxonomy":"category","embeddable":true,"href":"https:\/\/eesc.usp.br\/comunicacao-admin\/index.php?rest_route=%2Fwp%2Fv2%2Fcategories&post=30294"},{"taxonomy":"post_tag","embeddable":true,"href":"https:\/\/eesc.usp.br\/comunicacao-admin\/index.php?rest_route=%2Fwp%2Fv2%2Ftags&post=30294"}],"curies":[{"name":"wp","href":"https:\/\/api.w.org\/{rel}","templated":true}]}}