{"id":30594,"date":"2022-12-21T14:19:22","date_gmt":"2022-12-21T17:19:22","guid":{"rendered":"https:\/\/eesc.usp.br\/comunicacao-admin\/?p=30594"},"modified":"2023-03-18T16:33:34","modified_gmt":"2023-03-18T19:33:34","slug":"eesc-usp-desenvolve-projeto-de-extensao-sobre-eficiencia-energetica-em-parceria-com-escola-estadual-de-sao-carlos","status":"publish","type":"post","link":"https:\/\/eesc.usp.br\/comunicacao-admin\/?p=30594","title":{"rendered":"EESC-USP desenvolve projeto de extens\u00e3o sobre efici\u00eancia energ\u00e9tica em parceria com escola estadual de S\u00e3o Carlos"},"content":{"rendered":"<p>Um projeto de extens\u00e3o universit\u00e1ria colocou a expertise do Departamento de Engenharia El\u00e9trica e de Computa\u00e7\u00e3o (SEL) da Escola de Engenharia de S\u00e3o Carlos (EESC), da Universidade de S\u00e3o Paulo (USP), \u00e0 disposi\u00e7\u00e3o de estudantes da Escola Estadual (EE) Attilia Prado Margarido.<\/p>\n<p>O projeto, intitulado \u201cEfici\u00eancia Energ\u00e9tica nas Escolas\u201d, desenvolveu durante este ano atividades educativas relacionadas ao uso racional da energia el\u00e9trica para estudantes do primeiro ano do Ensino M\u00e9dio da escola, localizada no bairro Santa Fel\u00edcia, em S\u00e3o Carlos (SP).<\/p>\n<p>\u201cO principal objetivo deste projeto foi capacitar alunos do Ensino M\u00e9dio em rela\u00e7\u00e3o aos conceitos de uso eficiente da energia el\u00e9trica com foco em instala\u00e7\u00f5es consumidoras residenciais e comerciais, contribuindo com a forma\u00e7\u00e3o t\u00e9cnica e cidad\u00e3 dos estudantes envolvidos\u201d, explicou Jos\u00e9 Carlos de Melo Vieira J\u00fanior, coordenador do projeto pela EESC e professor do SEL.<\/p>\n<p>Ele ressaltou que o uso racional da energia nos mais diversos setores da sociedade moderna \u00e9 um fator determinante para garantir o desenvolvimento sustent\u00e1vel de um pa\u00eds e para criar condi\u00e7\u00f5es favor\u00e1veis para proporcionar o bem-estar da popula\u00e7\u00e3o nos campos social e econ\u00f4mico.<\/p>\n<p>Lembrou tamb\u00e9m dos benef\u00edcios que o uso racional da energia el\u00e9trica pode proporcionar n\u00e3o apenas aos consumidores, mas ao Pa\u00eds como um todo: \u201cEstimular a\u00e7\u00f5es que levem \u00e0 implementa\u00e7\u00e3o de t\u00e9cnicas de conserva\u00e7\u00e3o de energia bem como \u00e0 conscientiza\u00e7\u00e3o da popula\u00e7\u00e3o quanto \u00e0 efici\u00eancia energ\u00e9tica \u00e9 essencial para garantir desenvolvimento sustent\u00e1vel no longo prazo\u201d.<\/p>\n<p>Uma dessas a\u00e7\u00f5es, segundo o professor da USP, \u00e9 a educa\u00e7\u00e3o da popula\u00e7\u00e3o em rela\u00e7\u00e3o ao tema, sendo esta a vertente em que o projeto da EESC se enquadrou: o desenvolvimento de atividades educativas junto a uma escola p\u00fablica em S\u00e3o Carlos.<\/p>\n<p>Para trabalhar em conjunto com os alunos do Ensino M\u00e9dio da EE Attilia Prado Margarido, sete alunos dos cursos de gradua\u00e7\u00e3o em Engenharia El\u00e9trica da EESC-USP atuaram como mentores no desenvolvimento das atividades do projeto.<\/p>\n<p>A escola estadual envolvida na parceria oferece semestralmente disciplinas eletivas para os alunos. Assim, o projeto pode ser desenvolvido dentro dessa linha de disciplinas. Ao final de cada semestre, os estudantes tiveram que apresentar os resultados das atividades desenvolvidas em um evento denominado \u201cCulmin\u00e2ncia\u201d, modelo semelhante a uma Feira de Ci\u00eancias escolar.<\/p>\n<figure id=\"attachment_30750\" aria-describedby=\"caption-attachment-30750\" style=\"width: 750px\" class=\"wp-caption aligncenter\"><img loading=\"lazy\" decoding=\"async\" class=\"size-large wp-image-30750\" src=\"https:\/\/eesc.usp.br\/comunicacao-admin\/wp-content\/uploads\/2022\/12\/Foto-EESC-Projeto-Eficiencia-Energetica-EE-Attilia-Prado-Margarido-1024x537.jpg\" alt=\"\" width=\"750\" height=\"393\" srcset=\"https:\/\/eesc.usp.br\/comunicacao-admin\/wp-content\/uploads\/2022\/12\/Foto-EESC-Projeto-Eficiencia-Energetica-EE-Attilia-Prado-Margarido-1024x537.jpg 1024w, https:\/\/eesc.usp.br\/comunicacao-admin\/wp-content\/uploads\/2022\/12\/Foto-EESC-Projeto-Eficiencia-Energetica-EE-Attilia-Prado-Margarido-300x157.jpg 300w, https:\/\/eesc.usp.br\/comunicacao-admin\/wp-content\/uploads\/2022\/12\/Foto-EESC-Projeto-Eficiencia-Energetica-EE-Attilia-Prado-Margarido-768x403.jpg 768w, https:\/\/eesc.usp.br\/comunicacao-admin\/wp-content\/uploads\/2022\/12\/Foto-EESC-Projeto-Eficiencia-Energetica-EE-Attilia-Prado-Margarido.jpg 1030w\" sizes=\"auto, (max-width: 750px) 100vw, 750px\" \/><figcaption id=\"caption-attachment-30750\" class=\"wp-caption-text\">Jogo sobre efici\u00eancia energ\u00e9tica desenvolvido em Roblox. Cr\u00e9dito: Ana Carolina Asano Campos.<\/figcaption><\/figure>\n<p>As atividades foram distribu\u00eddas em duas disciplinas eletivas, oferecidas no primeiro e no segundo semestres de 2022, organizadas da seguinte maneira, relatou o coordenador do projeto: \u201cNo primeiro semestre, entre mar\u00e7o e junho, tivemos a exposi\u00e7\u00e3o de conte\u00fados sobre fontes alternativas de energia e efici\u00eancia energ\u00e9tica e defini\u00e7\u00e3o dos projetos pr\u00e1ticos. J\u00e1 neste segundo semestre, entre agosto e este m\u00eas de dezembro aconteceu a execu\u00e7\u00e3o dos projetos pr\u00e1ticos pelos alunos do primeiro ano do Ensino M\u00e9dio, coordenados pelos alunos de gradua\u00e7\u00e3o da EESC-USP participantes do projeto\u201d, detalhou Vieira J\u00fanior.<\/p>\n<p>Para ele, \u201co primeiro resultado tang\u00edvel deste projeto foi o estabelecimento de um v\u00ednculo de coopera\u00e7\u00e3o entre a EESC-USP e a Attilia Prado Margarido na \u00e1rea de educa\u00e7\u00e3o, sendo que o benef\u00edcio imediato foi a capacita\u00e7\u00e3o dos alunos do Ensino M\u00e9dio em rela\u00e7\u00e3o aos temas importantes na \u00e1rea de efici\u00eancia energ\u00e9tica e a capacita\u00e7\u00e3o dos alunos de gradua\u00e7\u00e3o da EESC-USP em atividades de ensino e extens\u00e3o\u201d.<\/p>\n<p>J\u00e1 para a coordenadora de gest\u00e3o pedag\u00f3gica do Ensino M\u00e9dio da escola estadual, professora Luciane Rampazo Blanco, o projeto representou uma forma de aproximar a Universidade da comunidade escolar, despertando o interesse dos adolescentes para o Ensino Superior.<\/p>\n<p>Segundo Luciane, tanto a Diretoria Regional de Ensino como a dire\u00e7\u00e3o da escola estadual apoiam a parceria, que ela tamb\u00e9m espera ter continuidade nos pr\u00f3ximos anos. \u201cNosso diretor \u00c9merson Leandro Morais e o professor S\u00e9rgio Rodrigo Zepon, que recebeu o projeto em sua disciplina eletiva, foram fundamentais, pois sem o aceite de ambos nada teria acontecido\u201d, lembrou a coordenadora de gest\u00e3o pedag\u00f3gica.<\/p>\n<p>\u201cA parceria com o projeto de extens\u00e3o \u2018Efici\u00eancia Energ\u00e9tica em Escolas\u2019 proposto para a nossa escola pelo professor Jos\u00e9 Carlos de Melo Vieira J\u00fanior, com vig\u00eancia em 2022, agregou conhecimento te\u00f3rico e pr\u00e1tica, desenvolvendo os aspectos cognitivos, socioemocionais e o protagonismo dos nossos estudantes\u201d, destacou Luciane.<\/p>\n<p>Para o aluno Tiago Possobom Arnosti o projeto de extens\u00e3o foi uma experi\u00eancia bem enriquecedora, tanto para os integrantes do grupo quanto para os alunos da escola. Ele conta que v\u00e1rios alunos da escola ficaram bem empolgados em estudar Efici\u00eancia Energ\u00e9tica, principalmente no segundo semestre, quando os estudantes colocaram mais a \u2018m\u00e3o na massa\u2019 para desenvolver projetos pr\u00e1ticos sobre o assunto.<\/p>\n<p>\u201cPara n\u00f3s, que idealizamos o projeto sob a supervis\u00e3o do professor Jos\u00e9 Carlos, foi muito legal ver os alunos animados, se empenhando em desenvolver projetos de Efici\u00eancia Energ\u00e9tica e apresentando tais trabalhos para outros alunos e professores. Al\u00e9m de ser muito gratificante ver o empenho dos estudantes do Ensino M\u00e9dio, o projeto de extens\u00e3o contribuiu para que n\u00f3s, no t\u00e9rmino do curso de Engenharia El\u00e9trica, tiv\u00e9ssemos uma experi\u00eancia de sala de aula, desenvolvendo e ministrando aulas, passando atividades e exerc\u00edcios para os alunos e supervisionando-os no desenvolvimento de projetos. Sem d\u00favida, foi uma experi\u00eancia muito importante que contribuiu bastante para nossa forma\u00e7\u00e3o. Mais interessante ainda seria se esse modelo de projeto de extens\u00e3o se tornasse algo permanente, para que os conhecimentos adquiridos na Universidade sejam compartilhados com a sociedade&#8221;, concluiu o aluno da EESC-USP.<\/p>\n<p>O projeto foi parcialmente financiado com recursos obtidos do 7\u00ba Edital Santander \/ USP \/ FUSP de Fomento \u00e0s Iniciativas de Cultura e Extens\u00e3o Universit\u00e1ria, com o apoio da Pr\u00f3-Reitoria de Cultura e Extens\u00e3o Universit\u00e1ria (PRCEU) da USP. O projeto conta ainda como vice-coordenador o professor Eduardo Nobuhiro Asada, tamb\u00e9m docente do Departamento de Engenharia El\u00e9trica e de Computa\u00e7\u00e3o da EESC-USP.<\/p>\n<p>Os alunos da USP S\u00e3o Carlos envolvidos nas atividades s\u00e3o Ana Carolina Asano Campos, Eric Tamashiro Kurachi, Franco Rafael de Miranda Saraiva, Gustavo Sandrin Soffiatii, Let\u00edcia Mina Odate Victor, Matheus Dahmen Carbonero e Tiago Possobom Arnosti.<\/p>\n<p>&nbsp;<\/p>\n<p style=\"text-align: right;\"><em>Por Alexandre Milanetti, <\/em><br \/>\n<em>para a Assessoria de Comunica\u00e7\u00e3o da EESC<\/em><\/p>\n","protected":false},"excerpt":{"rendered":"<p>As atividades educativas estavam relacionadas ao uso racional da energia el\u00e9trica.<\/p>\n","protected":false},"author":9,"featured_media":30750,"comment_status":"closed","ping_status":"closed","sticky":false,"template":"","format":"standard","meta":{"inline_featured_image":false,"footnotes":""},"categories":[111,37],"tags":[],"class_list":["post-30594","post","type-post","status-publish","format-standard","has-post-thumbnail","hentry","category-comunicados-alunos","category-noticias","entry"],"_links":{"self":[{"href":"https:\/\/eesc.usp.br\/comunicacao-admin\/index.php?rest_route=\/wp\/v2\/posts\/30594","targetHints":{"allow":["GET"]}}],"collection":[{"href":"https:\/\/eesc.usp.br\/comunicacao-admin\/index.php?rest_route=\/wp\/v2\/posts"}],"about":[{"href":"https:\/\/eesc.usp.br\/comunicacao-admin\/index.php?rest_route=\/wp\/v2\/types\/post"}],"author":[{"embeddable":true,"href":"https:\/\/eesc.usp.br\/comunicacao-admin\/index.php?rest_route=\/wp\/v2\/users\/9"}],"replies":[{"embeddable":true,"href":"https:\/\/eesc.usp.br\/comunicacao-admin\/index.php?rest_route=%2Fwp%2Fv2%2Fcomments&post=30594"}],"version-history":[{"count":5,"href":"https:\/\/eesc.usp.br\/comunicacao-admin\/index.php?rest_route=\/wp\/v2\/posts\/30594\/revisions"}],"predecessor-version":[{"id":30751,"href":"https:\/\/eesc.usp.br\/comunicacao-admin\/index.php?rest_route=\/wp\/v2\/posts\/30594\/revisions\/30751"}],"wp:featuredmedia":[{"embeddable":true,"href":"https:\/\/eesc.usp.br\/comunicacao-admin\/index.php?rest_route=\/wp\/v2\/media\/30750"}],"wp:attachment":[{"href":"https:\/\/eesc.usp.br\/comunicacao-admin\/index.php?rest_route=%2Fwp%2Fv2%2Fmedia&parent=30594"}],"wp:term":[{"taxonomy":"category","embeddable":true,"href":"https:\/\/eesc.usp.br\/comunicacao-admin\/index.php?rest_route=%2Fwp%2Fv2%2Fcategories&post=30594"},{"taxonomy":"post_tag","embeddable":true,"href":"https:\/\/eesc.usp.br\/comunicacao-admin\/index.php?rest_route=%2Fwp%2Fv2%2Ftags&post=30594"}],"curies":[{"name":"wp","href":"https:\/\/api.w.org\/{rel}","templated":true}]}}