{"id":33582,"date":"2023-05-17T09:10:28","date_gmt":"2023-05-17T12:10:28","guid":{"rendered":"https:\/\/eesc.usp.br\/comunicacao-admin\/?p=33582"},"modified":"2023-05-31T17:26:07","modified_gmt":"2023-05-31T20:26:07","slug":"prorrogacao-de-prazo-mestrado-em-engenharia-de-producao","status":"publish","type":"post","link":"https:\/\/eesc.usp.br\/comunicacao-admin\/?p=33582","title":{"rendered":"Prorroga\u00e7\u00e3o de prazo: Mestrado em Engenharia de Produ\u00e7\u00e3o"},"content":{"rendered":"<p>Foi prorrogado o prazo para inscri\u00e7\u00e3o no processo seletivo para o curso de Mestrado do Programa de P\u00f3s-Gradua\u00e7\u00e3o em Engenharia de Produ\u00e7\u00e3o da Escola de Engenharia de S\u00e3o Carlos (EESC) da USP.<\/p>\n<p>As inscri\u00e7\u00f5es podem ser realizadas at\u00e9 o dia 24 de maio.<\/p>\n<p>O Programa oferece vagas nas seguintes linhas de pesquisa:<\/p>\n<p>\u00c1rea de concentra\u00e7\u00e3o: Processos e Gest\u00e3o de Opera\u00e7\u00f5es<br \/>\n\u2022 Gest\u00e3o de Desempenho de Opera\u00e7\u00f5es<br \/>\n\u2022 Inova\u00e7\u00e3o e Economia Circular<br \/>\n\u2022 Pesquisa Operacional Aplicada<br \/>\n\u2022 Manufatura Avan\u00e7ada e Sustent\u00e1vel<\/p>\n<p>\u00c1rea de concentra\u00e7\u00e3o: Economia, Organiza\u00e7\u00f5es e Gest\u00e3o do Conhecimento<br \/>\n\u2022 Economia, Finan\u00e7as Corporativas e Econometria<\/p>\n<p>Diferente dos processos seletivos anteriores, o atual processo seletivo do Programa contar\u00e1, al\u00e9m das vagas para ampla concorr\u00eancia, tamb\u00e9m com vagas voltadas \u00e0 Pol\u00edtica de A\u00e7\u00f5es Afirmativas. No caso, o candidato poder\u00e1 optar, no ato da inscri\u00e7\u00e3o, por uma das seguintes modalidades de vagas: ampla concorr\u00eancia ou a\u00e7\u00f5es afirmativas (para candidato que se autodeclara preto, pardo ou ind\u00edgena).<\/p>\n<p>As inscri\u00e7\u00f5es poder\u00e3o ser realizadas <a href=\"https:\/\/ppgselecao.eesc.usp.br\/\" target=\"_blank\" rel=\"noopener\">clicando aqui.<\/a><\/p>\n<p>Mais informa\u00e7\u00f5es podem ser obtidas na <a href=\"https:\/\/posproducao.eesc.usp.br\/\" target=\"_blank\" rel=\"noopener\">p\u00e1gina do Programa.<\/a><\/p>\n<p>\u00a0<img loading=\"lazy\" decoding=\"async\" class=\"wp-image-33583 size-large aligncenter\" src=\"https:\/\/eesc.usp.br\/comunicacao-admin\/wp-content\/uploads\/2023\/05\/PPG-SEP-EESP-USP-Mestrado_-_2o-2023_-_prorrogacao-709x1024.jpg\" alt=\"\" width=\"709\" height=\"1024\" srcset=\"https:\/\/eesc.usp.br\/comunicacao-admin\/wp-content\/uploads\/2023\/05\/PPG-SEP-EESP-USP-Mestrado_-_2o-2023_-_prorrogacao-709x1024.jpg 709w, https:\/\/eesc.usp.br\/comunicacao-admin\/wp-content\/uploads\/2023\/05\/PPG-SEP-EESP-USP-Mestrado_-_2o-2023_-_prorrogacao-208x300.jpg 208w, https:\/\/eesc.usp.br\/comunicacao-admin\/wp-content\/uploads\/2023\/05\/PPG-SEP-EESP-USP-Mestrado_-_2o-2023_-_prorrogacao.jpg 720w\" sizes=\"auto, (max-width: 709px) 100vw, 709px\" \/><\/p>\n<p>&nbsp;<\/p>\n","protected":false},"excerpt":{"rendered":"<p>As inscri\u00e7\u00f5es podem ser realizadas at\u00e9 o dia 24 de maio. <\/p>\n","protected":false},"author":9,"featured_media":32820,"comment_status":"closed","ping_status":"closed","sticky":false,"template":"","format":"standard","meta":{"inline_featured_image":false,"footnotes":""},"categories":[177,55,37],"tags":[],"class_list":["post-33582","post","type-post","status-publish","format-standard","has-post-thumbnail","hentry","category-selecao_pos","category-divulgacao-imprensa","category-noticias","entry"],"_links":{"self":[{"href":"https:\/\/eesc.usp.br\/comunicacao-admin\/index.php?rest_route=\/wp\/v2\/posts\/33582","targetHints":{"allow":["GET"]}}],"collection":[{"href":"https:\/\/eesc.usp.br\/comunicacao-admin\/index.php?rest_route=\/wp\/v2\/posts"}],"about":[{"href":"https:\/\/eesc.usp.br\/comunicacao-admin\/index.php?rest_route=\/wp\/v2\/types\/post"}],"author":[{"embeddable":true,"href":"https:\/\/eesc.usp.br\/comunicacao-admin\/index.php?rest_route=\/wp\/v2\/users\/9"}],"replies":[{"embeddable":true,"href":"https:\/\/eesc.usp.br\/comunicacao-admin\/index.php?rest_route=%2Fwp%2Fv2%2Fcomments&post=33582"}],"version-history":[{"count":4,"href":"https:\/\/eesc.usp.br\/comunicacao-admin\/index.php?rest_route=\/wp\/v2\/posts\/33582\/revisions"}],"predecessor-version":[{"id":33641,"href":"https:\/\/eesc.usp.br\/comunicacao-admin\/index.php?rest_route=\/wp\/v2\/posts\/33582\/revisions\/33641"}],"wp:featuredmedia":[{"embeddable":true,"href":"https:\/\/eesc.usp.br\/comunicacao-admin\/index.php?rest_route=\/wp\/v2\/media\/32820"}],"wp:attachment":[{"href":"https:\/\/eesc.usp.br\/comunicacao-admin\/index.php?rest_route=%2Fwp%2Fv2%2Fmedia&parent=33582"}],"wp:term":[{"taxonomy":"category","embeddable":true,"href":"https:\/\/eesc.usp.br\/comunicacao-admin\/index.php?rest_route=%2Fwp%2Fv2%2Fcategories&post=33582"},{"taxonomy":"post_tag","embeddable":true,"href":"https:\/\/eesc.usp.br\/comunicacao-admin\/index.php?rest_route=%2Fwp%2Fv2%2Ftags&post=33582"}],"curies":[{"name":"wp","href":"https:\/\/api.w.org\/{rel}","templated":true}]}}