{"id":38903,"date":"2023-12-21T16:34:28","date_gmt":"2023-12-21T19:34:28","guid":{"rendered":"https:\/\/eesc.usp.br\/comunicacao-admin\/?p=38903"},"modified":"2023-12-21T16:34:28","modified_gmt":"2023-12-21T19:34:28","slug":"enem-usp-ainda-tem-inscricoes-para-quem-quer-entrar-na-universidade-em-2024","status":"publish","type":"post","link":"https:\/\/eesc.usp.br\/comunicacao-admin\/?p=38903","title":{"rendered":"Enem USP ainda tem inscri\u00e7\u00f5es para quem quer entrar na Universidade em 2024"},"content":{"rendered":"<p>Ainda d\u00e1 tempo de concorrer a uma vaga na USP em 2024 com a nota do Exame Nacional do Ensino M\u00e9dio (Enem).\u00a0As inscri\u00e7\u00f5es v\u00e3o at\u00e9 as 12 horas do dia 5 de janeiro de 2024 pelo site da Fuvest e a taxa de inscri\u00e7\u00e3o ter\u00e1 o valor de R$ 10,00; inscritos no vestibular Fuvest 2024 e estudantes em vulnerabilidade socioecon\u00f4mica est\u00e3o isentos da taxa. Saiba mais sobre o Enem USP\u00a0<a href=\"https:\/\/jornal.usp.br\/universidade\/como-ingressar-na-usp-com-a-nota-do-enem-confira-informacoes-sobre-o-processo-seletivo-para-2024\/\">aqui<\/a>. S\u00e3o 1500 vagas em diferentes cursos de gradua\u00e7\u00e3o da USP disponibilizadas nas modalidades ampla concorr\u00eancia (AC), escola p\u00fablica (EP) e pretos, pardos e ind\u00edgenas (PPI). O edital do processo seletivo Enem USP pode ser consultado\u00a0<a href=\"https:\/\/www.fuvest.br\/wp-content\/uploads\/enem-usp_2024_resolucao_2023-10-23.pdf\">neste link<\/a>.<\/p>\n<p>Os candidatos podem se inscrever em at\u00e9 tr\u00eas cursos de sua prefer\u00eancia em uma das \u00e1reas do conhecimento: Ci\u00eancias Biol\u00f3gicas e da Vida (B); Ci\u00eancias Exatas e Tecnol\u00f3gicas (E) e Ci\u00eancias Humanas e Sociais (H). Ser\u00e1 poss\u00edvel alterar as op\u00e7\u00f5es de cursos dentro da \u00e1rea escolhida no per\u00edodo de 18 a 19 de janeiro de 2024.\u00a0A primeira chamada de candidatos aprovados ser\u00e1 no dia 24 de janeiro e a segunda no dia 14 de fevereiro. Haver\u00e1 tamb\u00e9m chamadas de candidatos em listas de espera.<\/p>\n<p><b>Como ser\u00e1 a sele\u00e7\u00e3o<\/b><\/p>\n<p>A sele\u00e7\u00e3o dos candidatos ser\u00e1 por classifica\u00e7\u00e3o conforme a pontua\u00e7\u00e3o obtida no Enem do ano de 2023. Primeiro ser\u00e3o preenchidas as vagas destinadas \u00e0 Ampla Concorr\u00eancia (AC); depois as vagas destinadas \u00e0s Pol\u00edticas de A\u00e7\u00f5es Afirmativas, nas categorias Escola P\u00fablica (L1 e L3); a seguir ser\u00e3o classificados os candidatos autodeclarados pretos, pardos e ind\u00edgenas que tenham realizado a inscri\u00e7\u00e3o, tamb\u00e9m, para as vagas PPI, nas categorias PPI (L2 e L4).<\/p>\n<p>Confira a tabela de distribui\u00e7\u00e3o de vagas por modalidade no Enem USP 2024:<\/p>\n<p><img loading=\"lazy\" decoding=\"async\" class=\"alignnone size-full wp-image-696904 jetpack-lazy-image jetpack-lazy-image--handled\" src=\"https:\/\/i0.wp.com\/jornal.usp.br\/wp-content\/uploads\/2023\/10\/20231016_vagas_enem_usp2024.jpg?resize=487%2C114&amp;ssl=1\" sizes=\"auto, (max-width: 487px) 100vw, 487px\" srcset=\"https:\/\/i0.wp.com\/jornal.usp.br\/wp-content\/uploads\/2023\/10\/20231016_vagas_enem_usp2024.jpg?w=487&amp;ssl=1 487w, https:\/\/i0.wp.com\/jornal.usp.br\/wp-content\/uploads\/2023\/10\/20231016_vagas_enem_usp2024.jpg?resize=300%2C70&amp;ssl=1 300w\" alt=\"\" width=\"487\" height=\"114\" data-recalc-dims=\"1\" data-lazy-loaded=\"1\" \/><\/p>\n<p>\u2022 Escola P\u00fablica (EP-L1) \u2013 candidatos com renda familiar bruta\u00a0<i>per capita<\/i> igual ou inferior a 1,5 sal\u00e1rio m\u00ednimo que tenham cursado integralmente o ensino m\u00e9dio em escolas p\u00fablicas brasileiras;\u00a0<br \/>\n\u2022 Escola P\u00fablica (EP-L3) \u2013 candidatos que, independentemente da renda, tenham cursado integralmente o ensino m\u00e9dio em escolas p\u00fablicas brasileiras;<br \/>\n\u2022 Pretos, Pardos e Ind\u00edgenas (PPI-L2) \u2013 vagas destinadas aos candidatos autodeclarados pretos, pardos ou ind\u00edgenas com renda familiar bruta\u00a0<i>per<\/i>\u00a0<i>capita<\/i>\u00a0igual ou inferior a 1,5 sal\u00e1rio m\u00ednimo, que tenham cursado integralmente o ensino m\u00e9dio em escolas p\u00fablicas brasileiras;<br \/>\n\u2022 Pretos, Pardos e Ind\u00edgenas (PPI-L4) \u2013 vagas destinadas aos candidatos autodeclarados pretos, pardos ou ind\u00edgenas que, independentemente da renda, tenham cursado integralmente o ensino m\u00e9dio em escolas p\u00fablicas brasileiras.<\/p>\n<p>O candidato concorrer\u00e1 apenas com aqueles que tenham optado pelo mesmo curso e per\u00edodo no processo seletivo Enem USP 2024, mas a pontua\u00e7\u00e3o final poder\u00e1 variar para cada curso conforme estabelecido pelas Unidades da USP neste link.<\/p>\n<p><strong>Calend\u00e1rio Enem USP<\/strong><\/p>\n<p>\u2022 5 de Janeiro de 2024 \u2013 \u00e0s 12h \u2013 Fim do per\u00edodo de inscri\u00e7\u00e3o<br \/>\n\u2022 8 de Janeiro de 2024 \u2013 Data-limite para pagamento da taxa de inscri\u00e7\u00e3o<br \/>\n\u2022 18 de Janeiro de 2024 \u2013 \u00e0s 12h \u2013 In\u00edcio do per\u00edodo para eventual altera\u00e7\u00e3o das op\u00e7\u00f5es de curso<br \/>\n\u2022 19 de Janeiro de 2024 \u2013 \u00e0s 12h \u2013 Fim do per\u00edodo para eventual altera\u00e7\u00e3o das op\u00e7\u00f5es de curso<br \/>\n\u2022 24 de Janeiro de 2024 \u2013 Divulga\u00e7\u00e3o da 1\u00aa Chamada Regular<\/p>\n<p>Para ingresso em 2024, al\u00e9m das 1.500 vagas pelo sistema Enem USP, a USP oferece\u00a0 8.147 vagas pelo vestibular da Fuvest e 1.500 vagas pelo Prov\u00e3o Paulista (forma de avalia\u00e7\u00e3o seriada que ser\u00e1 aplicada pela Secretaria Estadual da Educa\u00e7\u00e3o), totalizando 11.147 vagas para novos alunos.\u00a0Em todos os processos de sele\u00e7\u00e3o, a USP reserva 50% das vagas de cada curso de gradua\u00e7\u00e3o para candidatos egressos de escolas p\u00fablicas (EP).<\/p>\n<p>Confira o edital do Enem USP\u00a0<a href=\"https:\/\/www.fuvest.br\/wp-content\/uploads\/enem-usp_2024_resolucao_2023-10-23.pdf\">neste link<\/a><br \/>\nSaiba mais sobre o Prov\u00e3o Paulista\u00a0<a href=\"https:\/\/provaopaulistaseriado.vunesp.com.br\/\">clicando aqui<\/a>.<br \/>\nOutras informa\u00e7\u00f5es sobre o vestibular est\u00e3o na\u00a0<a href=\"https:\/\/www.fuvest.br\/vestibular-da-usp\">p\u00e1gina da Fuvest<\/a>.<\/p>\n<p style=\"text-align: right;\"><em>Fonte: Jornal da USP<\/em><\/p>\n","protected":false},"excerpt":{"rendered":"<p>Processo seletivo recebe inscri\u00e7\u00f5es at\u00e9 5 de janeiro de 2024 pelo site da Fuvest.<\/p>\n","protected":false},"author":2,"featured_media":0,"comment_status":"closed","ping_status":"closed","sticky":false,"template":"","format":"standard","meta":{"inline_featured_image":false,"footnotes":""},"categories":[229,37],"tags":[269],"class_list":["post-38903","post","type-post","status-publish","format-standard","hentry","category-enem","category-noticias","tag-enem-usp","entry"],"_links":{"self":[{"href":"https:\/\/eesc.usp.br\/comunicacao-admin\/index.php?rest_route=\/wp\/v2\/posts\/38903","targetHints":{"allow":["GET"]}}],"collection":[{"href":"https:\/\/eesc.usp.br\/comunicacao-admin\/index.php?rest_route=\/wp\/v2\/posts"}],"about":[{"href":"https:\/\/eesc.usp.br\/comunicacao-admin\/index.php?rest_route=\/wp\/v2\/types\/post"}],"author":[{"embeddable":true,"href":"https:\/\/eesc.usp.br\/comunicacao-admin\/index.php?rest_route=\/wp\/v2\/users\/2"}],"replies":[{"embeddable":true,"href":"https:\/\/eesc.usp.br\/comunicacao-admin\/index.php?rest_route=%2Fwp%2Fv2%2Fcomments&post=38903"}],"version-history":[{"count":1,"href":"https:\/\/eesc.usp.br\/comunicacao-admin\/index.php?rest_route=\/wp\/v2\/posts\/38903\/revisions"}],"predecessor-version":[{"id":38904,"href":"https:\/\/eesc.usp.br\/comunicacao-admin\/index.php?rest_route=\/wp\/v2\/posts\/38903\/revisions\/38904"}],"wp:attachment":[{"href":"https:\/\/eesc.usp.br\/comunicacao-admin\/index.php?rest_route=%2Fwp%2Fv2%2Fmedia&parent=38903"}],"wp:term":[{"taxonomy":"category","embeddable":true,"href":"https:\/\/eesc.usp.br\/comunicacao-admin\/index.php?rest_route=%2Fwp%2Fv2%2Fcategories&post=38903"},{"taxonomy":"post_tag","embeddable":true,"href":"https:\/\/eesc.usp.br\/comunicacao-admin\/index.php?rest_route=%2Fwp%2Fv2%2Ftags&post=38903"}],"curies":[{"name":"wp","href":"https:\/\/api.w.org\/{rel}","templated":true}]}}