{"id":60213,"date":"2026-09-02T14:19:30","date_gmt":"2026-09-02T17:19:30","guid":{"rendered":"https:\/\/eesc.usp.br\/comunicacao-admin\/?p=60213"},"modified":"2026-09-02T14:49:26","modified_gmt":"2026-09-02T17:49:26","slug":"apresentacao-dos-novos-funcionarios-da-escola-de-engenharia-de-sao-carlos","status":"publish","type":"post","link":"https:\/\/eesc.usp.br\/comunicacao-admin\/?p=60213","title":{"rendered":"Apresenta\u00e7\u00e3o dos novos servidores da EESC-USP"},"content":{"rendered":"<p class=\"isSelectedEnd\">A Escola de Engenharia de S\u00e3o Carlos (EESC) recebeu recentemente quatro novos servidores, que chegam para integrar e contribuir com as diferentes \u00e1reas de atua\u00e7\u00e3o da Unidade. Os profissionais foram selecionados por meio de concurso p\u00fablico realizado pela USP.<\/p>\n<p>Conhe\u00e7a os novos funcion\u00e1rios:<\/p>\n<p><strong>Adriano Gomes de Sales<\/strong> \u00e9 graduado em Gest\u00e3o da Produ\u00e7\u00e3o Industrial e iniciou na EESC em 24 de junho na fun\u00e7\u00e3o de T\u00e9cnico para Assuntos Administrativos. Atuar\u00e1 no <strong>Servi\u00e7o de Licita\u00e7\u00f5es e Contratos da Divis\u00e3o Financeira<\/strong>, com atividades relacionadas a compras e licita\u00e7\u00f5es, elabora\u00e7\u00e3o de documentos e processos de contrata\u00e7\u00e3o e aquisi\u00e7\u00e3o de materiais e servi\u00e7os.<\/p>\n<p><img loading=\"lazy\" decoding=\"async\" class=\"alignnone wp-image-60308 size-large\" src=\"https:\/\/eesc.usp.br\/comunicacao-admin\/wp-content\/uploads\/2026\/08\/Adriano-foto-1024x768.png\" alt=\"\" width=\"750\" height=\"563\" srcset=\"https:\/\/eesc.usp.br\/comunicacao-admin\/wp-content\/uploads\/2026\/08\/Adriano-foto-1024x768.png 1024w, https:\/\/eesc.usp.br\/comunicacao-admin\/wp-content\/uploads\/2026\/08\/Adriano-foto-300x225.png 300w, https:\/\/eesc.usp.br\/comunicacao-admin\/wp-content\/uploads\/2026\/08\/Adriano-foto-768x576.png 768w, https:\/\/eesc.usp.br\/comunicacao-admin\/wp-content\/uploads\/2026\/08\/Adriano-foto-1536x1152.png 1536w, https:\/\/eesc.usp.br\/comunicacao-admin\/wp-content\/uploads\/2026\/08\/Adriano-foto-2048x1536.png 2048w, https:\/\/eesc.usp.br\/comunicacao-admin\/wp-content\/uploads\/2026\/08\/Adriano-foto-1568x1176.png 1568w\" sizes=\"auto, (max-width: 750px) 100vw, 750px\" \/><\/p>\n<p><strong>Arthur Ribas Soares <\/strong>atuar\u00e1 como T\u00e9cnico para Assuntos Administrativos no <strong>Servi\u00e7o de Execu\u00e7\u00e3o Or\u00e7ament\u00e1ria da Divis\u00e3o Financeira<\/strong>, como parte da equipe respons\u00e1vel pelos pagamentos de notas fiscais e empenhos. Formado em Administra\u00e7\u00e3o, iniciou suas atividades na EESC em 5 de agosto.\u00a0\u00a0<\/p>\n<p><img loading=\"lazy\" decoding=\"async\" class=\"alignnone wp-image-60309 size-large\" src=\"https:\/\/eesc.usp.br\/comunicacao-admin\/wp-content\/uploads\/2026\/08\/Arthur-foto-1024x768.jpg\" alt=\"\" width=\"750\" height=\"563\" srcset=\"https:\/\/eesc.usp.br\/comunicacao-admin\/wp-content\/uploads\/2026\/08\/Arthur-foto-1024x768.jpg 1024w, https:\/\/eesc.usp.br\/comunicacao-admin\/wp-content\/uploads\/2026\/08\/Arthur-foto-300x225.jpg 300w, https:\/\/eesc.usp.br\/comunicacao-admin\/wp-content\/uploads\/2026\/08\/Arthur-foto-768x576.jpg 768w, https:\/\/eesc.usp.br\/comunicacao-admin\/wp-content\/uploads\/2026\/08\/Arthur-foto-1536x1152.jpg 1536w, https:\/\/eesc.usp.br\/comunicacao-admin\/wp-content\/uploads\/2026\/08\/Arthur-foto-2048x1536.jpg 2048w, https:\/\/eesc.usp.br\/comunicacao-admin\/wp-content\/uploads\/2026\/08\/Arthur-foto-1568x1176.jpg 1568w\" sizes=\"auto, (max-width: 750px) 100vw, 750px\" \/><\/p>\n<p><strong><span class=\"qu\" tabindex=\"-1\" role=\"gridcell\" translate=\"no\"><span class=\"gD\" data-hovercard-id=\"liviaspaggiari@usp.br\" data-hovercard-owner-id=\"18\">Amanda Ribeiro de Almeida <\/span><\/span><\/strong><span class=\"qu\" tabindex=\"-1\" role=\"gridcell\" translate=\"no\"><span class=\"gD\" data-hovercard-id=\"liviaspaggiari@usp.br\" data-hovercard-owner-id=\"18\">\u00e9 Analista para Assuntos Administrativos e atua, desde o dia 1\u00ba, no <strong>Servi\u00e7o de Execu\u00e7\u00e3o Or\u00e7ament\u00e1ria da Divis\u00e3o Financeira<\/strong>, respons\u00e1vel pelo gerenciamento dos recursos nos centros de despesas, confer\u00eancia de processos licitat\u00f3rios e de adiantamentos, empenhos e presta\u00e7\u00f5es de contas. <\/span><\/span>\u00c9 graduada em Engenharia Mec\u00e2nica e est\u00e1 finalizando o curso de gradua\u00e7\u00e3o em Ci\u00eancias Cont\u00e1beis. Possui p\u00f3s-gradua\u00e7\u00e3o em Sistemas Integrados de Qualidade, Meio Ambiente, Seguran\u00e7a no Trabalho e Responsabilidade Social.\u00a0\u00a0<\/p>\n<p><img loading=\"lazy\" decoding=\"async\" class=\"alignnone wp-image-60354 size-large\" src=\"https:\/\/eesc.usp.br\/comunicacao-admin\/wp-content\/uploads\/2026\/09\/Amanda-foto-scaled-e1788368570462-1024x682.jpg\" alt=\"\" width=\"750\" height=\"500\" srcset=\"https:\/\/eesc.usp.br\/comunicacao-admin\/wp-content\/uploads\/2026\/09\/Amanda-foto-scaled-e1788368570462-1024x682.jpg 1024w, https:\/\/eesc.usp.br\/comunicacao-admin\/wp-content\/uploads\/2026\/09\/Amanda-foto-scaled-e1788368570462-300x200.jpg 300w, https:\/\/eesc.usp.br\/comunicacao-admin\/wp-content\/uploads\/2026\/09\/Amanda-foto-scaled-e1788368570462-768x512.jpg 768w, https:\/\/eesc.usp.br\/comunicacao-admin\/wp-content\/uploads\/2026\/09\/Amanda-foto-scaled-e1788368570462-1536x1024.jpg 1536w, https:\/\/eesc.usp.br\/comunicacao-admin\/wp-content\/uploads\/2026\/09\/Amanda-foto-scaled-e1788368570462-2048x1365.jpg 2048w, https:\/\/eesc.usp.br\/comunicacao-admin\/wp-content\/uploads\/2026\/09\/Amanda-foto-scaled-e1788368570462-1568x1045.jpg 1568w\" sizes=\"auto, (max-width: 750px) 100vw, 750px\" \/><\/p>\n<p class=\"iw gFxsud\"><strong><span class=\"qu\" tabindex=\"-1\" role=\"gridcell\" translate=\"no\"><span class=\"gD\" data-hovercard-id=\"liviaspaggiari@usp.br\" data-hovercard-owner-id=\"18\">Davi Corr\u00eaa Bueno <\/span><\/span><\/strong><span class=\"qu\" tabindex=\"-1\" role=\"gridcell\" translate=\"no\"><span class=\"gD\" data-hovercard-id=\"liviaspaggiari@usp.br\" data-hovercard-owner-id=\"18\">passou a integrar a equipe da <strong>Se\u00e7\u00e3o de Audiovisual e Eventos da Divis\u00e3o de Rela\u00e7\u00f5es Institucionais<\/strong>, em 19 de agosto, como T\u00e9cnico de Inform\u00e1tica. \u00c9 m<\/span><\/span><span class=\"qu\" tabindex=\"-1\" role=\"gridcell\" translate=\"no\"><span class=\"gD\" data-hovercard-id=\"liviaspaggiari@usp.br\" data-hovercard-owner-id=\"18\">estre em Educa\u00e7\u00e3o e atuar\u00e1 no <\/span><\/span>suporte aos professores no Bloco C, especialmente na utiliza\u00e7\u00e3o de equipamentos em sala de aula.<\/p>\n<p><strong><span class=\"qu\" tabindex=\"-1\" role=\"gridcell\" translate=\"no\"><span class=\"gD\" data-hovercard-id=\"liviaspaggiari@usp.br\" data-hovercard-owner-id=\"18\"><img loading=\"lazy\" decoding=\"async\" class=\"alignnone wp-image-60307 size-large\" src=\"https:\/\/eesc.usp.br\/comunicacao-admin\/wp-content\/uploads\/2026\/08\/Davi-foto-1024x768.png\" alt=\"\" width=\"750\" height=\"563\" srcset=\"https:\/\/eesc.usp.br\/comunicacao-admin\/wp-content\/uploads\/2026\/08\/Davi-foto-1024x768.png 1024w, https:\/\/eesc.usp.br\/comunicacao-admin\/wp-content\/uploads\/2026\/08\/Davi-foto-300x225.png 300w, https:\/\/eesc.usp.br\/comunicacao-admin\/wp-content\/uploads\/2026\/08\/Davi-foto-768x576.png 768w, https:\/\/eesc.usp.br\/comunicacao-admin\/wp-content\/uploads\/2026\/08\/Davi-foto-1536x1152.png 1536w, https:\/\/eesc.usp.br\/comunicacao-admin\/wp-content\/uploads\/2026\/08\/Davi-foto-2048x1536.png 2048w, https:\/\/eesc.usp.br\/comunicacao-admin\/wp-content\/uploads\/2026\/08\/Davi-foto-1568x1176.png 1568w\" sizes=\"auto, (max-width: 750px) 100vw, 750px\" \/><\/span><\/span><\/strong><\/p>\n<p>Sejam bem-vindos \u00e0 EESC!<\/p>\n<p>Informa\u00e7\u00f5es gerais sobre a Universidade, legisla\u00e7\u00e3o, carreira, benef\u00edcios, servi\u00e7os, sistemas corporativos, canais de comunica\u00e7\u00e3o com o DRH e com os Centros de Servi\u00e7os Compartilhados em RH, est\u00e3o dispon\u00edveis no <a href=\"https:\/\/drh.usp.br\/biblioteca-drh\/manuais\/manual-do-servidor-tecnico-e-administrativo\/\" target=\"_blank\" rel=\"noopener\">Manual do Servidor T\u00e9cnico e Administrativo<\/a>.<\/p>\n<p>&nbsp;<\/p>\n","protected":false},"excerpt":{"rendered":"<p>Os quatro novos funcion\u00e1rios v\u00e3o desenvolver atividades nas Divis\u00f5es Financeira e de Rela\u00e7\u00f5es Institucionais.<\/p>\n","protected":false},"author":20,"featured_media":0,"comment_status":"closed","ping_status":"closed","sticky":false,"template":"","format":"standard","meta":{"inline_featured_image":false,"footnotes":""},"categories":[111],"tags":[238,321,304],"class_list":["post-60213","post","type-post","status-publish","format-standard","hentry","category-comunicados-alunos","tag-eesc","tag-engenharia","tag-usp","entry"],"_links":{"self":[{"href":"https:\/\/eesc.usp.br\/comunicacao-admin\/index.php?rest_route=\/wp\/v2\/posts\/60213","targetHints":{"allow":["GET"]}}],"collection":[{"href":"https:\/\/eesc.usp.br\/comunicacao-admin\/index.php?rest_route=\/wp\/v2\/posts"}],"about":[{"href":"https:\/\/eesc.usp.br\/comunicacao-admin\/index.php?rest_route=\/wp\/v2\/types\/post"}],"author":[{"embeddable":true,"href":"https:\/\/eesc.usp.br\/comunicacao-admin\/index.php?rest_route=\/wp\/v2\/users\/20"}],"replies":[{"embeddable":true,"href":"https:\/\/eesc.usp.br\/comunicacao-admin\/index.php?rest_route=%2Fwp%2Fv2%2Fcomments&post=60213"}],"version-history":[{"count":16,"href":"https:\/\/eesc.usp.br\/comunicacao-admin\/index.php?rest_route=\/wp\/v2\/posts\/60213\/revisions"}],"predecessor-version":[{"id":60361,"href":"https:\/\/eesc.usp.br\/comunicacao-admin\/index.php?rest_route=\/wp\/v2\/posts\/60213\/revisions\/60361"}],"wp:attachment":[{"href":"https:\/\/eesc.usp.br\/comunicacao-admin\/index.php?rest_route=%2Fwp%2Fv2%2Fmedia&parent=60213"}],"wp:term":[{"taxonomy":"category","embeddable":true,"href":"https:\/\/eesc.usp.br\/comunicacao-admin\/index.php?rest_route=%2Fwp%2Fv2%2Fcategories&post=60213"},{"taxonomy":"post_tag","embeddable":true,"href":"https:\/\/eesc.usp.br\/comunicacao-admin\/index.php?rest_route=%2Fwp%2Fv2%2Ftags&post=60213"}],"curies":[{"name":"wp","href":"https:\/\/api.w.org\/{rel}","templated":true}]}}