{"id":60294,"date":"2026-08-31T13:49:56","date_gmt":"2026-08-31T16:49:56","guid":{"rendered":"https:\/\/eesc.usp.br\/comunicacao-admin\/?p=60294"},"modified":"2026-08-31T17:49:07","modified_gmt":"2026-08-31T20:49:07","slug":"enactus-sao-carlos-projetos-premiados-e-que-fazem-a-diferenca-na-sociedade","status":"publish","type":"post","link":"https:\/\/eesc.usp.br\/comunicacao-admin\/?p=60294","title":{"rendered":"Enactus S\u00e3o Carlos: projetos premiados e que fazem a diferen\u00e7a na sociedade"},"content":{"rendered":"<p>&nbsp;<\/p>\n<figure id=\"attachment_60296\" aria-describedby=\"caption-attachment-60296\" style=\"width: 750px\" class=\"wp-caption alignnone\"><img loading=\"lazy\" decoding=\"async\" class=\"wp-image-60296 size-large\" src=\"https:\/\/eesc.usp.br\/comunicacao-admin\/wp-content\/uploads\/2026\/08\/Enactus-2-1024x537.jpg\" alt=\"\" width=\"750\" height=\"393\" srcset=\"https:\/\/eesc.usp.br\/comunicacao-admin\/wp-content\/uploads\/2026\/08\/Enactus-2-1024x537.jpg 1024w, https:\/\/eesc.usp.br\/comunicacao-admin\/wp-content\/uploads\/2026\/08\/Enactus-2-300x157.jpg 300w, https:\/\/eesc.usp.br\/comunicacao-admin\/wp-content\/uploads\/2026\/08\/Enactus-2-768x403.jpg 768w, https:\/\/eesc.usp.br\/comunicacao-admin\/wp-content\/uploads\/2026\/08\/Enactus-2.jpg 1030w\" sizes=\"auto, (max-width: 750px) 100vw, 750px\" \/><figcaption id=\"caption-attachment-60296\" class=\"wp-caption-text\">Time Enactus. Foto: Arquivo pessoal.<\/figcaption><\/figure>\n<p>Transformar conhecimento e informa\u00e7\u00e3o em a\u00e7\u00f5es de impacto social que tragam evolu\u00e7\u00f5es para a sociedade faz parte da miss\u00e3o das universidades realmente engajadas em extrapolar seus trabalhos para al\u00e9m dos muros acad\u00eamicos. Esse, ali\u00e1s, foi o objetivo que motivou a cria\u00e7\u00e3o da Enactus, uma organiza\u00e7\u00e3o internacional sem fins lucrativos que re\u00fane estudantes, lideran\u00e7as acad\u00eamicas e executivas em uma rede global presente em 33 pa\u00edses, incluindo o Brasil, onde tamb\u00e9m est\u00e1 inserida a Escola de Engenharia de S\u00e3o Carlos da Universidade de S\u00e3o Paulo (EESC-USP). Fundado em 2013, o Time Enactus USP S\u00e3o Carlos atua no desenvolvimento de projetos de empreendedorismo social voltados \u00e0 solu\u00e7\u00e3o de desafios socioambientais, com projetos que t\u00eam sido reconhecidos e premiados por seu alcance e relev\u00e2ncia.<\/p>\n<p>Nesses quase 13 anos de atividades, o grupo j\u00e1 desenvolveu 12 projetos e impactou mais de 1.500 pessoas, com atua\u00e7\u00e3o voltada especialmente ao fortalecimento de comunidades e \u00e0 gera\u00e7\u00e3o de impactos sociais, econ\u00f4micos e ambientais, sempre alinhada aos Objetivos de Desenvolvimento Sustent\u00e1vel da ONU.<\/p>\n<p>Formada atualmente por mais de 40 estudantes de gradua\u00e7\u00e3o e p\u00f3s-gradua\u00e7\u00e3o da USP S\u00e3o Carlos, al\u00e9m de contar com o apoio de tr\u00eas professores conselheiros, um Alumni-mentor e um Business Advisory Board, a equipe celebra importantes reconhecimentos nacionais conquistados em 2026. Entre os principais destaques, o Time Enactus USP S\u00e3o Carlos foi finalista da Liga Principal do ENEB 2026, alcan\u00e7ando uma coloca\u00e7\u00e3o entre os quatro melhores times da Enactus Brasil. Al\u00e9m disso, dois projetos desenvolvidos pelo time foram reconhecidos em importantes premia\u00e7\u00f5es nacionais, destacando a relev\u00e2ncia e o impacto das iniciativas conduzidas pela equipe. O Projeto Iguatu foi vencedor do Pr\u00eamio ODS 7, ficou entre os Top 10 do edital Ford Comunidades Resilientes e entre os Top 6 do Pr\u00eamio Inova\u00e7\u00e3o Social, em parceria com a Amanco Wavin; j\u00e1 o Projeto Mirus foi vencedor do Pr\u00eamio Sociedade Sustent\u00e1vel Sumitomo Chemical, na categoria Desenvolvimento.<\/p>\n<p>Uma das integrantes do Time Enactus de S\u00e3o Carlos \u00e9 a estudante de Engenharia Ambiental da EESC, Mar\u00edlia Arantes C\u00e9sar, que destaca a import\u00e2ncia do olhar universit\u00e1rio para a transforma\u00e7\u00e3o social. \u201cA universidade tem um papel fundamental na aproxima\u00e7\u00e3o entre o conhecimento acad\u00eamico e as demandas reais da sociedade. Iniciativas de extens\u00e3o como a Enactus possibilitam que aquilo que aprendemos ultrapasse a sala de aula e seja aplicado na constru\u00e7\u00e3o de solu\u00e7\u00f5es junto \u00e0s comunidades, o que tamb\u00e9m contribui para a nossa forma\u00e7\u00e3o, ao termos contato com diferentes realidades, desafios e conhecimentos que dificilmente seriam vivenciados apenas por meio das atividades acad\u00eamicas tradicionais\u201d.<\/p>\n<p><strong>Compromisso social<\/strong><\/p>\n<p>Os projetos premiados ajudam a ilustrar bem esse compromisso social.<\/p>\n<p>O Projeto Iguatu foi criado em 2024 com o objetivo levar \u00e1gua quente de forma acess\u00edvel e sustent\u00e1vel para fam\u00edlias do Assentamento Cap\u00e3o das Antas, em S\u00e3o Carlos (SP), comunidade que enfrenta dificuldades de acesso \u00e0 energia el\u00e9trica. A problem\u00e1tica \u00e9 ainda mais relevante porque o chuveiro el\u00e9trico \u00e9 um dos equipamentos que mais consomem energia em uma resid\u00eancia, podendo representar cerca de 25% a 35% do consumo mensal em condi\u00e7\u00f5es comuns de uso.<\/p>\n<p><figure id=\"attachment_60304\" aria-describedby=\"caption-attachment-60304\" style=\"width: 602px\" class=\"wp-caption alignnone\"><img loading=\"lazy\" decoding=\"async\" class=\"wp-image-60304 size-full\" src=\"https:\/\/eesc.usp.br\/comunicacao-admin\/wp-content\/uploads\/2026\/08\/Iguatu1.jpg\" alt=\"\" width=\"602\" height=\"379\" srcset=\"https:\/\/eesc.usp.br\/comunicacao-admin\/wp-content\/uploads\/2026\/08\/Iguatu1.jpg 602w, https:\/\/eesc.usp.br\/comunicacao-admin\/wp-content\/uploads\/2026\/08\/Iguatu1-300x189.jpg 300w\" sizes=\"auto, (max-width: 602px) 100vw, 602px\" \/><figcaption id=\"caption-attachment-60304\" class=\"wp-caption-text\">Placas aquecedoras &#8211; Projeto Iguatu. Foto: Arquivo pessoal.<\/figcaption><\/figure> <figure id=\"attachment_60302\" aria-describedby=\"caption-attachment-60302\" style=\"width: 482px\" class=\"wp-caption alignnone\"><img loading=\"lazy\" decoding=\"async\" class=\"wp-image-60302 size-full\" src=\"https:\/\/eesc.usp.br\/comunicacao-admin\/wp-content\/uploads\/2026\/08\/Iguatu3.jpg\" alt=\"\" width=\"482\" height=\"361\" srcset=\"https:\/\/eesc.usp.br\/comunicacao-admin\/wp-content\/uploads\/2026\/08\/Iguatu3.jpg 482w, https:\/\/eesc.usp.br\/comunicacao-admin\/wp-content\/uploads\/2026\/08\/Iguatu3-300x225.jpg 300w\" sizes=\"auto, (max-width: 482px) 100vw, 482px\" \/><figcaption id=\"caption-attachment-60302\" class=\"wp-caption-text\">Placas aquecedoras &#8211; Projeto Iguatu. Foto: Arquivo pessoal.<\/figcaption><\/figure> <figure id=\"attachment_60303\" aria-describedby=\"caption-attachment-60303\" style=\"width: 602px\" class=\"wp-caption alignnone\"><img loading=\"lazy\" decoding=\"async\" class=\"wp-image-60303 size-full\" src=\"https:\/\/eesc.usp.br\/comunicacao-admin\/wp-content\/uploads\/2026\/08\/Iguatu2.jpg\" alt=\"\" width=\"602\" height=\"339\" srcset=\"https:\/\/eesc.usp.br\/comunicacao-admin\/wp-content\/uploads\/2026\/08\/Iguatu2.jpg 602w, https:\/\/eesc.usp.br\/comunicacao-admin\/wp-content\/uploads\/2026\/08\/Iguatu2-300x169.jpg 300w\" sizes=\"auto, (max-width: 602px) 100vw, 602px\" \/><figcaption id=\"caption-attachment-60303\" class=\"wp-caption-text\">Instala\u00e7\u00e3o das placas aquecedoras &#8211; Projeto Iguatu. Foto: Arquivo pessoal.<\/figcaption><\/figure><\/p>\n<p>O projeto desenvolveu aquecedores solares de baixo custo, produzidos a partir do reaproveitamento de garrafas PET e embalagens cartonadas. O sistema utiliza a energia solar para aquecer a \u00e1gua e o efeito termossif\u00e3o para promover sua circula\u00e7\u00e3o natural, sem a necessidade de bombas ou equipamentos el\u00e9tricos.<\/p>\n<p>Atualmente, o projeto atua na melhoria da tecnologia, coleta de materiais recicl\u00e1veis e instala\u00e7\u00e3o dos sistemas nas resid\u00eancias da comunidade. At\u00e9 o momento, foram instaladas quatro placas solares em duas resid\u00eancias, beneficiando diretamente quatro moradores. Os resultados alcan\u00e7ados incluem 18 kg de materiais reciclados, 500 kWh de energia limpa gerada, 162 kg de CO\u2082 evitados e aproximadamente R$ 450 economizados nas contas de energia das fam\u00edlias.<\/p>\n<p>O Projeto Mirus, por sua vez, nasceu com a miss\u00e3o de ajudar a Cooperativa Ac\u00e1cia, localizada em Araraquara, a fabricar produtos de maior valor agregado para aumentar a renda dos seus cooperados. A cooperativa atualmente trabalha separando res\u00edduos pl\u00e1sticos coletados para posteriormente realizar a venda destes, perdendo a possibilidade de vender o pl\u00e1stico com um alto valor agregado.<\/p>\n<p><figure id=\"attachment_60299\" aria-describedby=\"caption-attachment-60299\" style=\"width: 750px\" class=\"wp-caption alignnone\"><img loading=\"lazy\" decoding=\"async\" class=\"wp-image-60299 size-large\" src=\"https:\/\/eesc.usp.br\/comunicacao-admin\/wp-content\/uploads\/2026\/08\/Mirus3-1024x559.jpg\" alt=\"\" width=\"750\" height=\"409\" srcset=\"https:\/\/eesc.usp.br\/comunicacao-admin\/wp-content\/uploads\/2026\/08\/Mirus3-1024x559.jpg 1024w, https:\/\/eesc.usp.br\/comunicacao-admin\/wp-content\/uploads\/2026\/08\/Mirus3-300x164.jpg 300w, https:\/\/eesc.usp.br\/comunicacao-admin\/wp-content\/uploads\/2026\/08\/Mirus3-768x420.jpg 768w, https:\/\/eesc.usp.br\/comunicacao-admin\/wp-content\/uploads\/2026\/08\/Mirus3.jpg 1133w\" sizes=\"auto, (max-width: 750px) 100vw, 750px\" \/><figcaption id=\"caption-attachment-60299\" class=\"wp-caption-text\">Integrantes do grupo na cooperativa de reciclagem. Foto: arquivo pessoal.<\/figcaption><\/figure> <figure id=\"attachment_60300\" aria-describedby=\"caption-attachment-60300\" style=\"width: 361px\" class=\"wp-caption alignnone\"><img loading=\"lazy\" decoding=\"async\" class=\"wp-image-60300 size-full\" src=\"https:\/\/eesc.usp.br\/comunicacao-admin\/wp-content\/uploads\/2026\/08\/Mirus2.jpg\" alt=\"\" width=\"361\" height=\"393\" srcset=\"https:\/\/eesc.usp.br\/comunicacao-admin\/wp-content\/uploads\/2026\/08\/Mirus2.jpg 361w, https:\/\/eesc.usp.br\/comunicacao-admin\/wp-content\/uploads\/2026\/08\/Mirus2-276x300.jpg 276w\" sizes=\"auto, (max-width: 361px) 100vw, 361px\" \/><figcaption id=\"caption-attachment-60300\" class=\"wp-caption-text\">Porta copos desenvolvido com placas recicladas. Foto: arquivo pessoal.<\/figcaption><\/figure> <figure id=\"attachment_60301\" aria-describedby=\"caption-attachment-60301\" style=\"width: 490px\" class=\"wp-caption alignnone\"><img loading=\"lazy\" decoding=\"async\" class=\"wp-image-60301 size-full\" src=\"https:\/\/eesc.usp.br\/comunicacao-admin\/wp-content\/uploads\/2026\/08\/Mirus1.jpg\" alt=\"\" width=\"490\" height=\"276\" srcset=\"https:\/\/eesc.usp.br\/comunicacao-admin\/wp-content\/uploads\/2026\/08\/Mirus1.jpg 490w, https:\/\/eesc.usp.br\/comunicacao-admin\/wp-content\/uploads\/2026\/08\/Mirus1-300x169.jpg 300w\" sizes=\"auto, (max-width: 490px) 100vw, 490px\" \/><figcaption id=\"caption-attachment-60301\" class=\"wp-caption-text\">Placas recicladas. Foto: arquivo pessoal.<\/figcaption><\/figure><\/p>\n<p>\u201cO Mirus vem realizando uma pesquisa para desenvolver produtos vi\u00e1veis e de maior valor agregado a partir do pl\u00e1stico reciclado. Para isso, o projeto possui maquin\u00e1rios como triturador de pl\u00e1stico, injetora, extrusora e prensa da Precious Plastic. A partir desses maquin\u00e1rios, o projeto produz placas brutas de pl\u00e1stico reciclado e porta-copos, que s\u00e3o vendidos em feiras ou s\u00e3o distribu\u00eddos como brindes em eventos. Al\u00e9m disso, o projeto est\u00e1 buscando parcerias com empresas interessadas em utilizar as placas brutas de pl\u00e1stico reciclado na produ\u00e7\u00e3o de itens de usos diversos, como mobili\u00e1rios, e est\u00e1 finalizando a constru\u00e7\u00e3o de um laborat\u00f3rio na pr\u00f3pria cooperativa para abrigar os maquin\u00e1rios\u201d, detalha Mar\u00edlia.<\/p>\n<p>Em fevereiro de 2026, a equipe realizou a venda de 60 porta-copos, que foram entregues aos participantes da Experi\u00eancia Imersiva da Enactus Brasil, realizada na sede da KPMG Brasil, em S\u00e3o Paulo. Em julho, durante o ENEB 2026, o projeto foi vencedor do Edital Sumitomo Chemical, na categoria Desenvolvimento e Sociedade Sustent\u00e1vel.<\/p>\n<p><strong>Acesso \u00e0 moradia<\/strong><\/p>\n<p>Outro projeto de destaque foi o Domus, criado pela Enactus USP S\u00e3o Carlos e dedicado a transformar a realidade de comunidades em situa\u00e7\u00e3o de vulnerabilidade no Brasil. Guiado pela miss\u00e3o de garantir a qualidade de vida e o bem-estar da popula\u00e7\u00e3o, o projeto atua para promover o acesso \u00e0 moradia digna, adequada, segura e confort\u00e1vel por meio de melhorias sustent\u00e1veis em territ\u00f3rios desassistidos. Para isso, utiliza os princ\u00edpios da economia circular, arrecadando embalagens cartonadas para transform\u00e1-las em placas de revestimento t\u00e9rmico e imperme\u00e1vel que protegem as resid\u00eancias contra o calor excessivo, o frio e as infiltra\u00e7\u00f5es da chuva.<\/p>\n<p><figure id=\"attachment_60297\" aria-describedby=\"caption-attachment-60297\" style=\"width: 434px\" class=\"wp-caption alignnone\"><img loading=\"lazy\" decoding=\"async\" class=\"wp-image-60297 size-full\" src=\"https:\/\/eesc.usp.br\/comunicacao-admin\/wp-content\/uploads\/2026\/08\/Domus1.jpg\" alt=\"\" width=\"434\" height=\"325\" srcset=\"https:\/\/eesc.usp.br\/comunicacao-admin\/wp-content\/uploads\/2026\/08\/Domus1.jpg 434w, https:\/\/eesc.usp.br\/comunicacao-admin\/wp-content\/uploads\/2026\/08\/Domus1-300x225.jpg 300w\" sizes=\"auto, (max-width: 434px) 100vw, 434px\" \/><figcaption id=\"caption-attachment-60297\" class=\"wp-caption-text\">Projeto Domus. Foto: Arquivo pessoal.<\/figcaption><\/figure> <figure id=\"attachment_60298\" aria-describedby=\"caption-attachment-60298\" style=\"width: 456px\" class=\"wp-caption alignnone\"><img loading=\"lazy\" decoding=\"async\" class=\"wp-image-60298 size-full\" src=\"https:\/\/eesc.usp.br\/comunicacao-admin\/wp-content\/uploads\/2026\/08\/Domus2.jpg\" alt=\"\" width=\"456\" height=\"342\" srcset=\"https:\/\/eesc.usp.br\/comunicacao-admin\/wp-content\/uploads\/2026\/08\/Domus2.jpg 456w, https:\/\/eesc.usp.br\/comunicacao-admin\/wp-content\/uploads\/2026\/08\/Domus2-300x225.jpg 300w\" sizes=\"auto, (max-width: 456px) 100vw, 456px\" \/><figcaption id=\"caption-attachment-60298\" class=\"wp-caption-text\">Projeto Domus. Foto: Arquivo pessoal.<\/figcaption><\/figure><\/p>\n<p>Atualmente, o Projeto Domus concluiu uma fase decisiva e realizou sua entrega oficial, deixando um legado de autonomia e impacto duradouro nas regi\u00f5es atendidas. Al\u00e9m da distribui\u00e7\u00e3o de doa\u00e7\u00f5es para as comunidades, a equipe realizou capacita\u00e7\u00f5es pr\u00e1ticas para que os pr\u00f3prios moradores aprendessem a confeccionar e aplicar os revestimentos de forma independente.<\/p>\n<p>Para perpetuar esse conhecimento e permitir que a solu\u00e7\u00e3o ganhe escala, foi criado um manual instrutivo que foi expandido e compartilhado com diversos l\u00edderes comunit\u00e1rios, capacitando novas lideran\u00e7as a replicarem essa tecnologia social em outros territ\u00f3rios desassistidos pelo pa\u00eds. \u201cS\u00e3o alguns dos exemplos que mostram de forma concreta como a universidade pode e deve ser um agente de transforma\u00e7\u00e3o\u201d, destaca a estudante da EESC. Para Mar\u00edlia, \u201cfazer parte da Enactus tem sido uma experi\u00eancia muito importante na minha forma\u00e7\u00e3o, tanto profissional quanto pessoal, uma vez que o time me permitiu desenvolver habilidades que v\u00e3o al\u00e9m da forma\u00e7\u00e3o t\u00e9cnica, como lideran\u00e7a, comunica\u00e7\u00e3o, organiza\u00e7\u00e3o, gest\u00e3o de pessoas, planejamento, trabalho em equipe e tomada de decis\u00f5es. A iniciativa ampliou minha vis\u00e3o sobre o papel que podemos exercer enquanto futuros profissionais e sobre a responsabilidade de desenvolver solu\u00e7\u00f5es que considerem n\u00e3o apenas os aspectos t\u00e9cnicos, mas tamb\u00e9m as pessoas e as realidades envolvidas\u201d.<\/p>\n<p>Mais do que ser protagonista de um lugar melhor para viver, ao longo da participa\u00e7\u00e3o na Enactus, os estudantes assumem responsabilidades cada vez maiores, passam a liderar projetos, equipes e \u00e1reas internas e t\u00eam contato com diferentes organiza\u00e7\u00f5es, empresas e atores da sociedade.<\/p>\n<p>\u201cAssim, o impacto do trabalho n\u00e3o est\u00e1 apenas nos resultados alcan\u00e7ados pelos projetos, mas tamb\u00e9m na forma\u00e7\u00e3o de pessoas mais preparadas para atuar de maneira respons\u00e1vel, colaborativa e consciente em suas futuras trajet\u00f3rias profissionais\u201d, ressalta a estudante da EESC.<\/p>\n","protected":false},"excerpt":{"rendered":"<p>Em quase 13 anos de atividades, o grupo desenvolveu 12 projetos e impactou mais de 1.500 pessoas, com atua\u00e7\u00e3o voltada ao fortalecimento de comunidades e \u00e0 gera\u00e7\u00e3o de impactos sociais, econ\u00f4micos e ambientais.<\/p>\n","protected":false},"author":20,"featured_media":60296,"comment_status":"closed","ping_status":"closed","sticky":false,"template":"","format":"standard","meta":{"inline_featured_image":false,"footnotes":""},"categories":[96,37,201],"tags":[238,250,504,506,304],"class_list":["post-60294","post","type-post","status-publish","format-standard","has-post-thumbnail","hentry","category-editais-cultura-extensao","category-noticias","category-destaque-box","tag-eesc","tag-enactus","tag-enactus-usp-sao-carlos","tag-inovacao-social","tag-usp","entry"],"_links":{"self":[{"href":"https:\/\/eesc.usp.br\/comunicacao-admin\/index.php?rest_route=\/wp\/v2\/posts\/60294","targetHints":{"allow":["GET"]}}],"collection":[{"href":"https:\/\/eesc.usp.br\/comunicacao-admin\/index.php?rest_route=\/wp\/v2\/posts"}],"about":[{"href":"https:\/\/eesc.usp.br\/comunicacao-admin\/index.php?rest_route=\/wp\/v2\/types\/post"}],"author":[{"embeddable":true,"href":"https:\/\/eesc.usp.br\/comunicacao-admin\/index.php?rest_route=\/wp\/v2\/users\/20"}],"replies":[{"embeddable":true,"href":"https:\/\/eesc.usp.br\/comunicacao-admin\/index.php?rest_route=%2Fwp%2Fv2%2Fcomments&post=60294"}],"version-history":[{"count":4,"href":"https:\/\/eesc.usp.br\/comunicacao-admin\/index.php?rest_route=\/wp\/v2\/posts\/60294\/revisions"}],"predecessor-version":[{"id":60319,"href":"https:\/\/eesc.usp.br\/comunicacao-admin\/index.php?rest_route=\/wp\/v2\/posts\/60294\/revisions\/60319"}],"wp:featuredmedia":[{"embeddable":true,"href":"https:\/\/eesc.usp.br\/comunicacao-admin\/index.php?rest_route=\/wp\/v2\/media\/60296"}],"wp:attachment":[{"href":"https:\/\/eesc.usp.br\/comunicacao-admin\/index.php?rest_route=%2Fwp%2Fv2%2Fmedia&parent=60294"}],"wp:term":[{"taxonomy":"category","embeddable":true,"href":"https:\/\/eesc.usp.br\/comunicacao-admin\/index.php?rest_route=%2Fwp%2Fv2%2Fcategories&post=60294"},{"taxonomy":"post_tag","embeddable":true,"href":"https:\/\/eesc.usp.br\/comunicacao-admin\/index.php?rest_route=%2Fwp%2Fv2%2Ftags&post=60294"}],"curies":[{"name":"wp","href":"https:\/\/api.w.org\/{rel}","templated":true}]}}