{"id":60368,"date":"2026-09-02T17:12:19","date_gmt":"2026-09-02T20:12:19","guid":{"rendered":"https:\/\/eesc.usp.br\/comunicacao-admin\/?p=60368"},"modified":"2026-09-02T17:12:19","modified_gmt":"2026-09-02T20:12:19","slug":"oficina-sobre-atos-administrativos-normativos-e-linguagem-simples","status":"publish","type":"post","link":"https:\/\/eesc.usp.br\/comunicacao-admin\/?p=60368","title":{"rendered":"Oficina sobre atos administrativos, normativos e linguagem simples"},"content":{"rendered":"<p data-renderer-start-pos=\"175\">Est\u00e3o abertas as inscri\u00e7\u00f5es para a <strong><em>Oficina sobre atos administrativos, normativos e linguagem simples<\/em><\/strong>, mais uma a\u00e7\u00e3o oferecida pela Comiss\u00e3o de T&amp;D, destinada ao aperfei\u00e7oamento da elabora\u00e7\u00e3o, revis\u00e3o e tramita\u00e7\u00e3o de atos administrativos e normativos.<\/p>\n<p data-renderer-start-pos=\"175\">\u2022 Data: 11 de setembro de 2026 (sexta-feira)<br \/>\n\u2022 Hor\u00e1rio: das 8h30 \u00e0s 11h30 e das 13h30 \u00e0s 16h30<br \/>\n\u2022 Carga hor\u00e1ria: 6 horas<br \/>\n\u2022 P\u00fablico-alvo: Servidores da EESC\/USP<br \/>\n\u2022 Local: Sala G1-4065, piso t\u00e9rreo da Se\u00e7\u00e3o de Inform\u00e1tica da EESC<\/p>\n<p data-renderer-start-pos=\"661\">O objetivo do curso \u00e9 capacitar servidores t\u00e9cnicos e administrativos para elaborar, revisar e encaminhar atos e comunica\u00e7\u00f5es institucionais com maior corre\u00e7\u00e3o formal, clareza, consist\u00eancia e foco nas necessidades de seus destinat\u00e1rios. O curso ser\u00e1 ministrado por Thiago Pinheiro, Instrutor da Escola de Educa\u00e7\u00e3o Corporativa da UNICAMP; e por Wagner de Andrade, Analista da Procuradoria Geral da USP. As inscri\u00e7\u00f5es dever\u00e3o ser feitas atrav\u00e9s do preenchimento da <a href=\"https:\/\/eesc.usp.br\/comunicacao-admin\/wp-content\/uploads\/2026\/09\/ficha-de-inscricao-Oficina.doc\" target=\"_blank\" rel=\"noopener\">ficha de inscri\u00e7\u00e3o<\/a> e encaminhada por e-mail \u00e0 Comiss\u00e3o de T&amp;D da EESC (<a class=\"_ymio1r31 _ypr0glyw _zcxs1o36 _mizu194a _1ah3dkaa _ra3xnqa1 _128mdkaa _1cvmnqa1 _4davt94y _4bfu1r31 _1hms8stv _ajmmnqa1 _vchhusvi _kqswh2mm _ect4ttxp _2rkolb4i _syaz13af _1a3b1r31 _4fpr8stv _5goinqa1 _f8pj13af _9oik1r31 _1bnxglyw _jf4cnqa1 _30l313af _1nrm1r31 _c2waglyw _1iohnqa1 _9h8h12zz _10531ra0 _1ien1ra0 _n0fx1ra0 _1vhv17z1\" title=\"mailto:ted@eesc.usp.br\" href=\"mailto:ted@eesc.usp.br\" data-renderer-mark=\"true\" data-is-router-link=\"false\" data-testid=\"link-with-safety\">ted@eesc.usp.br<\/a>), at\u00e9 dia 09\/09\/2026. <\/p>\n<p data-renderer-start-pos=\"661\">Ressaltamos que as vagas s\u00e3o limitadas e ser\u00e3o preenchidas por ordem de inscri\u00e7\u00e3o. Para maiores informa\u00e7\u00f5es entre em contato com a Comiss\u00e3o de T&amp;D, pelo ramal 73-6832.<\/p>\n<p data-renderer-start-pos=\"1413\"><em>Comiss\u00e3o de Treinamento e Desenvolvimento<\/em><br \/>\n<em>EESC\/USP<\/em><\/p>\n","protected":false},"excerpt":{"rendered":"<p>O objetivo do curso \u00e9 capacitar servidores para elaborar, revisar e encaminhar atos e comunica\u00e7\u00f5es institucionais com maior corre\u00e7\u00e3o formal, clareza, consist\u00eancia e foco.<\/p>\n","protected":false},"author":20,"featured_media":0,"comment_status":"closed","ping_status":"closed","sticky":false,"template":"","format":"standard","meta":{"inline_featured_image":false,"footnotes":""},"categories":[175,111],"tags":[],"class_list":["post-60368","post","type-post","status-publish","format-standard","hentry","category-eventos","category-comunicados-alunos","entry"],"_links":{"self":[{"href":"https:\/\/eesc.usp.br\/comunicacao-admin\/index.php?rest_route=\/wp\/v2\/posts\/60368","targetHints":{"allow":["GET"]}}],"collection":[{"href":"https:\/\/eesc.usp.br\/comunicacao-admin\/index.php?rest_route=\/wp\/v2\/posts"}],"about":[{"href":"https:\/\/eesc.usp.br\/comunicacao-admin\/index.php?rest_route=\/wp\/v2\/types\/post"}],"author":[{"embeddable":true,"href":"https:\/\/eesc.usp.br\/comunicacao-admin\/index.php?rest_route=\/wp\/v2\/users\/20"}],"replies":[{"embeddable":true,"href":"https:\/\/eesc.usp.br\/comunicacao-admin\/index.php?rest_route=%2Fwp%2Fv2%2Fcomments&post=60368"}],"version-history":[{"count":1,"href":"https:\/\/eesc.usp.br\/comunicacao-admin\/index.php?rest_route=\/wp\/v2\/posts\/60368\/revisions"}],"predecessor-version":[{"id":60370,"href":"https:\/\/eesc.usp.br\/comunicacao-admin\/index.php?rest_route=\/wp\/v2\/posts\/60368\/revisions\/60370"}],"wp:attachment":[{"href":"https:\/\/eesc.usp.br\/comunicacao-admin\/index.php?rest_route=%2Fwp%2Fv2%2Fmedia&parent=60368"}],"wp:term":[{"taxonomy":"category","embeddable":true,"href":"https:\/\/eesc.usp.br\/comunicacao-admin\/index.php?rest_route=%2Fwp%2Fv2%2Fcategories&post=60368"},{"taxonomy":"post_tag","embeddable":true,"href":"https:\/\/eesc.usp.br\/comunicacao-admin\/index.php?rest_route=%2Fwp%2Fv2%2Ftags&post=60368"}],"curies":[{"name":"wp","href":"https:\/\/api.w.org\/{rel}","templated":true}]}}