{"id":8789,"date":"2016-11-08T11:32:47","date_gmt":"2016-11-08T11:32:47","guid":{"rendered":"http:\/\/portal.eesc.usp.br\/comunicacao\/index.php\/2016\/11\/08\/eleicao-para-vice-presidente-da-cg-candidatura-registrada-e-deferida\/"},"modified":"2016-11-08T11:53:35","modified_gmt":"2016-11-08T11:53:35","slug":"eleicao-para-vice-presidente-da-cg-candidatura-registrada-e-deferida","status":"publish","type":"post","link":"https:\/\/eesc.usp.br\/comunicacao-admin\/?p=8789","title":{"rendered":"Elei\u00e7\u00e3o para vice-presidente da CG: Candidatura registrada e deferida"},"content":{"rendered":"<ul>\n<li><img decoding=\"async\" src=\"http:\/\/portal.eesc.usp.br\/imgs\/file_icons\/pdf.gif\" \/> <strong><a href=\"http:\/\/portal.eesc.usp.br\/attachments\/article\/3252\/portaria_eesc61.2016_eleicao_vice_presidente_cg_inscricoes_deferidas_segundo_periodo.pdf\" target=\"_blank\">Comunicado de candidatura registrada e deferida<\/a><\/strong>, <small>113463Kb<\/small><\/li>\n<\/ul>\n","protected":false},"excerpt":{"rendered":"<p>O Servi\u00e7o de Assist\u00eancia aos Colegiados (SVASCOL) da Escola de Engenharia de S\u00e3o Carlos (EESC) da USP divulga o resultado do segundo per\u00edodo de inscri\u00e7\u00f5es para a elei\u00e7\u00e3o para a vice-presid\u00eancia da Comiss\u00e3o de Gradua\u00e7\u00e3o da Escola, conforme a <a href=\"index.php?option=com_docman&amp;task=doc_download&amp;gid=1949&amp;Itemid=\">Portaria EESC 61\/2016<\/a>.<\/p>\n<p>Consulte o <a href=\"attachments\/article\/3252\/portaria_eesc61.2016_eleicao_vice_presidente_cg_inscricoes_deferidas_segundo_periodo.pdf\" target=\"_blank\">arquivo anexo<\/a>.<\/p>\n<p>A elei\u00e7\u00e3o acontecer\u00e1 nesta sexta-feira, dia 11 de novembro, \u00e0s 8 horas, durante reuni\u00e3o da Congrega\u00e7\u00e3o da EESC.<\/p>\n<p>[+] informa\u00e7\u00e3o<\/p>\n<p>Servi\u00e7o de Assist\u00eancia aos Colegiados da EESC Tel.: (16) 3373-9231 E-mail: <a href=\"mailto:colegiados@eesc.usp.br\">colegiados@eesc.usp.br<\/a><\/p>\n<p><img decoding=\"async\" src=\"http:\/\/portal.eesc.usp.br\/imgs\/jaguar\/icones\/icone_barra.png\" alt=\"icone barra\" \/>  \u2022 Not\u00edcia relacionada  <a href=\"index.php?option=com_content&amp;view=article&amp;id=3194&amp;Itemid=164\" target=\"_blank\">Elei\u00e7\u00e3o para vice-presidente da Comiss\u00e3o de Gradua\u00e7\u00e3o recebe inscri\u00e7\u00f5es a partir do dia 11<\/a><\/p>\n","protected":false},"author":4,"featured_media":0,"comment_status":"open","ping_status":"open","sticky":false,"template":"","format":"standard","meta":{"inline_featured_image":false,"footnotes":""},"categories":[111],"tags":[],"class_list":["post-8789","post","type-post","status-publish","format-standard","hentry","category-comunicados-alunos","entry"],"_links":{"self":[{"href":"https:\/\/eesc.usp.br\/comunicacao-admin\/index.php?rest_route=\/wp\/v2\/posts\/8789","targetHints":{"allow":["GET"]}}],"collection":[{"href":"https:\/\/eesc.usp.br\/comunicacao-admin\/index.php?rest_route=\/wp\/v2\/posts"}],"about":[{"href":"https:\/\/eesc.usp.br\/comunicacao-admin\/index.php?rest_route=\/wp\/v2\/types\/post"}],"author":[{"embeddable":true,"href":"https:\/\/eesc.usp.br\/comunicacao-admin\/index.php?rest_route=\/wp\/v2\/users\/4"}],"replies":[{"embeddable":true,"href":"https:\/\/eesc.usp.br\/comunicacao-admin\/index.php?rest_route=%2Fwp%2Fv2%2Fcomments&post=8789"}],"version-history":[{"count":0,"href":"https:\/\/eesc.usp.br\/comunicacao-admin\/index.php?rest_route=\/wp\/v2\/posts\/8789\/revisions"}],"wp:attachment":[{"href":"https:\/\/eesc.usp.br\/comunicacao-admin\/index.php?rest_route=%2Fwp%2Fv2%2Fmedia&parent=8789"}],"wp:term":[{"taxonomy":"category","embeddable":true,"href":"https:\/\/eesc.usp.br\/comunicacao-admin\/index.php?rest_route=%2Fwp%2Fv2%2Fcategories&post=8789"},{"taxonomy":"post_tag","embeddable":true,"href":"https:\/\/eesc.usp.br\/comunicacao-admin\/index.php?rest_route=%2Fwp%2Fv2%2Ftags&post=8789"}],"curies":[{"name":"wp","href":"https:\/\/api.w.org\/{rel}","templated":true}]}}