{"id":10674,"date":"2025-10-22T16:39:29","date_gmt":"2025-10-22T19:39:29","guid":{"rendered":"https:\/\/eesc.usp.br\/estagios-admin\/?p=10674"},"modified":"2025-10-22T16:39:29","modified_gmt":"2025-10-22T19:39:29","slug":"oportunidade-de-vaga-de-estagio-em-consultoria-de-gestao-de-negocios-2","status":"publish","type":"post","link":"https:\/\/eesc.usp.br\/estagios-admin\/?p=10674","title":{"rendered":"OPORTUNIDADE DE VAGA DE EST\u00c1GIO EM CONSULTORIA DE GEST\u00c3O DE NEG\u00d3CIOS"},"content":{"rendered":"<p style=\"font-weight: 400; text-align: justify;\"><span style=\"font-family: 'times new roman', times, serif;\">A Tecemos \u00e9 uma consultoria de nicho focada em configurar e implementar processos de planejamento, desde a compreens\u00e3o da estrat\u00e9gia at\u00e9 sua tradu\u00e7\u00e3o em execu\u00e7\u00e3o. <\/span><span style=\"font-family: 'times new roman', times, serif;\">Potencializamos uma mudan\u00e7a cultural nas empresas, estruturando o modelo de governan\u00e7a por horizontes temporais de decis\u00e3o, com uma vis\u00e3o sist\u00eamica e gest\u00e3o de trade offs.<\/span><\/p>\n<p style=\"font-weight: 400; text-align: justify;\"><span style=\"font-family: 'times new roman', times, serif;\">Nosso trabalho requer an\u00e1lises dos modelos de neg\u00f3cios e seus processos, com impacto nos resultados. Nosso foco \u00e9 identificar causas ra\u00edzes das inefici\u00eancias e resolver problemas\u00a0de forma estruturada e permanente.\u00a0<\/span><span style=\"font-family: 'times new roman', times, serif;\">Buscamos pessoas abertas ao conhecimento e com m\u00e3o na massa, para empreender, aprender e entregar valor para a sociedade.\u00a0<\/span><\/p>\n<p style=\"font-weight: 400; text-align: justify;\"><strong><span style=\"font-family: 'times new roman', times, serif;\">Atividades:<\/span><\/strong><\/p>\n<ul style=\"text-align: justify;\">\n<li style=\"font-weight: 400;\"><span style=\"font-family: 'times new roman', times, serif;\">Organiza\u00e7\u00e3o de agendas e reuni\u00f5es;<\/span><\/li>\n<li style=\"font-weight: 400;\"><span style=\"font-family: 'times new roman', times, serif;\">Elabora\u00e7\u00e3o de atas;<\/span><\/li>\n<li style=\"font-weight: 400;\"><span style=\"font-family: 'times new roman', times, serif;\">Elabora\u00e7\u00e3o de apresenta\u00e7\u00f5es;<\/span><\/li>\n<li style=\"font-weight: 400;\"><span style=\"font-family: 'times new roman', times, serif;\">Elabora\u00e7\u00e3o de an\u00e1lises;<\/span><\/li>\n<li style=\"font-weight: 400;\"><span style=\"font-family: 'times new roman', times, serif;\">Participa\u00e7\u00e3o em reuni\u00f5es t\u00e9cnicas com cliente, e em reuni\u00f5es t\u00e9cnicas internas;<\/span><\/li>\n<li style=\"font-weight: 400;\"><span style=\"font-family: 'times new roman', times, serif;\">Aux\u00edlio em tarefas administrativas do projeto.<\/span><\/li>\n<\/ul>\n<p style=\"font-weight: 400; text-align: justify;\"><strong><span style=\"font-family: 'times new roman', times, serif;\">\u202f<\/span><span style=\"font-family: 'times new roman', times, serif;\">Requisitos:\u00a0\u00a0<\/span><\/strong><\/p>\n<ul style=\"text-align: justify;\">\n<li style=\"font-weight: 400;\"><span style=\"font-family: 'times new roman', times, serif;\">Cursos: administra\u00e7\u00e3o, engenharias e afins;<\/span><\/li>\n<li style=\"font-weight: 400;\"><span style=\"font-family: 'times new roman', times, serif;\">Ter cursado no m\u00ednimo 2 anos de gradua\u00e7\u00e3o;<\/span><\/li>\n<li style=\"font-weight: 400;\"><span style=\"font-family: 'times new roman', times, serif;\">Ter disponibilidade de no m\u00ednimo 1 ano de est\u00e1gio (forma\u00e7\u00e3o ao final de 2026, ou posterior);<\/span><\/li>\n<li style=\"font-weight: 400;\"><span style=\"font-family: 'times new roman', times, serif;\">Diferencial: conhecimento em Excel (intermedi\u00e1rio).<\/span><\/li>\n<\/ul>\n<p style=\"font-weight: 400; text-align: justify;\"><span style=\"font-family: 'times new roman', times, serif;\">Os candidatos interessados devem enviar o curr\u00edculo por e-mail para\u00a0<u><a href=\"mailto:administrador@tecemos.com\">administrador@tecemos.com<\/a><\/u>.\u00a0<\/span><\/p>\n<p style=\"font-weight: 400; text-align: justify;\"><span style=\"font-family: 'times new roman', times, serif;\">\u202f<\/span><span style=\"font-family: 'times new roman', times, serif;\">Para conhecer mais sobre a TECEMOS, acesse o nosso site:\u00a0<u><a href=\"http:\/\/www.tecemos.com\/\" data-saferedirecturl=\"https:\/\/www.google.com\/url?q=http:\/\/www.tecemos.com\/&amp;source=gmail&amp;ust=1761245377489000&amp;usg=AOvVaw2NNQMHt9d4T5TYPrLzSbFk\">www.tecemos.com<\/a><\/u><\/span><\/p>\n<p><img decoding=\"async\" src=\"https:\/\/www.tecemos.com\/images\/logo\/logo-azul.svg\" alt=\"Tecemos Logo\" data-wp-editing=\"1\" \/><\/p>\n","protected":false},"excerpt":{"rendered":"<p>A Tecemos \u00e9 uma consultoria de nicho focada em configurar e implementar processos de planejamento, desde a compreens\u00e3o da estrat\u00e9gia at\u00e9 sua tradu\u00e7\u00e3o em execu\u00e7\u00e3o. Potencializamos uma mudan\u00e7a cultural nas empresas, estruturando o modelo de governan\u00e7a por horizontes temporais de decis\u00e3o, com uma vis\u00e3o sist\u00eamica e gest\u00e3o de trade offs. Nosso trabalho requer an\u00e1lises dos&hellip; <a class=\"more-link\" href=\"https:\/\/eesc.usp.br\/estagios-admin\/?p=10674\">Continuar lendo <span class=\"screen-reader-text\">OPORTUNIDADE DE VAGA DE EST\u00c1GIO EM CONSULTORIA DE GEST\u00c3O DE NEG\u00d3CIOS<\/span><\/a><\/p>\n","protected":false},"author":9,"featured_media":0,"comment_status":"closed","ping_status":"closed","sticky":false,"template":"","format":"standard","meta":{"footnotes":""},"categories":[7],"tags":[],"class_list":["post-10674","post","type-post","status-publish","format-standard","hentry","category-vagas-de-estagios","entry"],"_links":{"self":[{"href":"https:\/\/eesc.usp.br\/estagios-admin\/index.php?rest_route=\/wp\/v2\/posts\/10674","targetHints":{"allow":["GET"]}}],"collection":[{"href":"https:\/\/eesc.usp.br\/estagios-admin\/index.php?rest_route=\/wp\/v2\/posts"}],"about":[{"href":"https:\/\/eesc.usp.br\/estagios-admin\/index.php?rest_route=\/wp\/v2\/types\/post"}],"author":[{"embeddable":true,"href":"https:\/\/eesc.usp.br\/estagios-admin\/index.php?rest_route=\/wp\/v2\/users\/9"}],"replies":[{"embeddable":true,"href":"https:\/\/eesc.usp.br\/estagios-admin\/index.php?rest_route=%2Fwp%2Fv2%2Fcomments&post=10674"}],"version-history":[{"count":1,"href":"https:\/\/eesc.usp.br\/estagios-admin\/index.php?rest_route=\/wp\/v2\/posts\/10674\/revisions"}],"predecessor-version":[{"id":10675,"href":"https:\/\/eesc.usp.br\/estagios-admin\/index.php?rest_route=\/wp\/v2\/posts\/10674\/revisions\/10675"}],"wp:attachment":[{"href":"https:\/\/eesc.usp.br\/estagios-admin\/index.php?rest_route=%2Fwp%2Fv2%2Fmedia&parent=10674"}],"wp:term":[{"taxonomy":"category","embeddable":true,"href":"https:\/\/eesc.usp.br\/estagios-admin\/index.php?rest_route=%2Fwp%2Fv2%2Fcategories&post=10674"},{"taxonomy":"post_tag","embeddable":true,"href":"https:\/\/eesc.usp.br\/estagios-admin\/index.php?rest_route=%2Fwp%2Fv2%2Ftags&post=10674"}],"curies":[{"name":"wp","href":"https:\/\/api.w.org\/{rel}","templated":true}]}}