{"id":14415,"date":"2026-05-25T17:10:20","date_gmt":"2026-05-25T20:10:20","guid":{"rendered":"http:\/\/p=14415"},"modified":"2026-05-27T10:00:51","modified_gmt":"2026-05-27T13:00:51","slug":"raizen-abre-selecao-para-mais-de-100-vagas-de-estagio","status":"publish","type":"post","link":"https:\/\/eesc.usp.br\/estagios-admin\/?p=14415","title":{"rendered":"Ra\u00edzen abre sele\u00e7\u00e3o para mais de 100 vagas de est\u00e1gio"},"content":{"rendered":"<p>Ra\u00edzen abre sele\u00e7\u00e3o para mais de 100 vagas de est\u00e1gio em diversas regi\u00f5es do pa\u00eds<\/p>\n<p>As candidaturas do Programa Talentos 2026 podem ser feitas at\u00e9 o dia <strong>21 de junho de 2026 <\/strong><\/p>\n<p>A Ra\u00edzen acaba de abrir as inscri\u00e7\u00f5es para mais de 100 vagas de est\u00e1gio na campanha Talentos Ra\u00edzen 2026. O programa foi criado para quem busca aprendizado pr\u00e1tico e desenvolvimento cont\u00ednuo em um ambiente de desafios e colabora\u00e7\u00e3o. Os interessados podem se candidatar at\u00e9 o dia 21 de junho, por meio deste link: <a href=\"https:\/\/antnna.com\/jobs\/bbsk\/raizen-lp-talentos26\/\">https:\/\/antnna.com\/jobs\/bbsk\/raizen-lp-talentos26\/<\/a><\/p>\n<p>H\u00e1 vagas de est\u00e1gio dispon\u00edveis para as seguintes cidades: Ara\u00e7atuba-SP, Arauc\u00e1ria-PR, Barueri-SP, Bel\u00e9m-PA, Belo Horizonte-MG, Betim-MG, Bocaina-SP, Caxias-RJ, Confins-MG, Curitiba-PR, Fortaleza-CE, Guariba-SP, Itaituba-PA, Jequi\u00e9-BA, Lagoa Santa-MG, Manaus-AM, Maring\u00e1-PR, Morro Agudo-SP, Natal-RN, Palmas-TO, Paul\u00ednia-SP, Piracicaba-SP, Ribeir\u00e3o Preto-SP, Rio de Janeiro-RJ, Salvador-BA, S\u00e3o Francisco do Conde-BA, S\u00e3o Lu\u00eds-MA, S\u00e3o Paulo-SP, Uberl\u00e2ndia-MG, Valpara\u00edso-SP.<\/p>\n<p>O candidato poder\u00e1 se inscrever em diferentes \u00e1reas como Finan\u00e7as, Sa\u00fade e Meio Ambiente (SSMA), Suprimentos, Lubrificantes, Comercial (Varejo, B2B), Opera\u00e7\u00f5es, Pricing, Trading, Abastecimento, Transportes, Engenharia, TI, Marketing, Sustentabilidade, Auditoria, Planejamento, Opera\u00e7\u00f5es e Manuten\u00e7\u00e3o Industrial.<\/p>\n<p>Os pr\u00e9-requisitos para concorrer \u00e0s vagas do programa de est\u00e1gio s\u00e3o: ser estudante do ensino superior (bacharelado, tecn\u00f3logo ou licenciatura); ter previs\u00e3o de conclus\u00e3o da gradua\u00e7\u00e3o entre julho de 2027 e julho de 2028; ter disponibilidade para estagiar 6h por dia (dentro do hor\u00e1rio comercial).<\/p>\n<p>Entre os benef\u00edcios oferecidos aos estagi\u00e1rios est\u00e3o bolsa-aux\u00edlio mensal de R$ 2 mil; aux\u00edlio-transporte de R$ 194 ou fretado (valor varia de acordo com a localidade da vaga); plano de sa\u00fade e odontol\u00f3gico; seguro de vida; Wellhub; vale-refei\u00e7\u00e3o ou refeit\u00f3rio no local; e Trilha de Desenvolvimento.<\/p>\n<p>Caso aprovada, a pessoa poder\u00e1 iniciar na empresa entre julho e agosto de 2026.<\/p>\n<p>\u201cO Talentos Ra\u00edzen 2026 \u00e9 para quem gosta de desafios, trabalha bem em equipe e sabe se adaptar r\u00e1pido quando as coisas mudam. Buscamos pessoas resilientes, que simplificam problemas e veem cada obst\u00e1culo como uma chance de aprender e crescer\u201d, afirma Beto Griner, vice-presidente de Gente da Ra\u00edzen.<\/p>\n<p>Servi\u00e7o: Programa Talentos Ra\u00edzen 2026<\/p>\n<p>N\u00famero de vagas: mais de 100 vagas de est\u00e1gios.<\/p>\n<p>Inscri\u00e7\u00f5es: at\u00e9 21 de junho de 2026, pelo site: <a href=\"https:\/\/antnna.com\/jobs\/bbsk\/raizen-lp-talentos26\/\">https:\/\/antnna.com\/jobs\/bbsk\/raizen-lp-talentos26\/<\/a><\/p>\n<p><img decoding=\"async\" class=\"alignnone size-full wp-image-14417\" src=\"https:\/\/www.eesc.usp.br\/estagios-admin\/wp-content\/uploads\/2026\/05\/Divulga\u00e7\u00e3o Ra\u00edzen_alta.jpg\" alt=\"\" \/><\/p>\n","protected":false},"excerpt":{"rendered":"<p>Ra\u00edzen abre sele\u00e7\u00e3o para mais de 100 vagas de est\u00e1gio em diversas regi\u00f5es do pa\u00eds As candidaturas do Programa Talentos 2026 podem ser feitas at\u00e9 o dia 21 de junho de 2026 A Ra\u00edzen acaba de abrir as inscri\u00e7\u00f5es para mais de 100 vagas de est\u00e1gio na campanha Talentos Ra\u00edzen 2026. O programa foi criado&hellip; <a class=\"more-link\" href=\"https:\/\/eesc.usp.br\/estagios-admin\/?p=14415\">Continuar lendo <span class=\"screen-reader-text\">Ra\u00edzen abre sele\u00e7\u00e3o para mais de 100 vagas de est\u00e1gio<\/span><\/a><\/p>\n","protected":false},"author":5,"featured_media":0,"comment_status":"closed","ping_status":"closed","sticky":false,"template":"","format":"standard","meta":{"footnotes":""},"categories":[7],"tags":[],"class_list":["post-14415","post","type-post","status-publish","format-standard","hentry","category-vagas-de-estagios","entry"],"_links":{"self":[{"href":"https:\/\/eesc.usp.br\/estagios-admin\/index.php?rest_route=\/wp\/v2\/posts\/14415","targetHints":{"allow":["GET"]}}],"collection":[{"href":"https:\/\/eesc.usp.br\/estagios-admin\/index.php?rest_route=\/wp\/v2\/posts"}],"about":[{"href":"https:\/\/eesc.usp.br\/estagios-admin\/index.php?rest_route=\/wp\/v2\/types\/post"}],"author":[{"embeddable":true,"href":"https:\/\/eesc.usp.br\/estagios-admin\/index.php?rest_route=\/wp\/v2\/users\/5"}],"replies":[{"embeddable":true,"href":"https:\/\/eesc.usp.br\/estagios-admin\/index.php?rest_route=%2Fwp%2Fv2%2Fcomments&post=14415"}],"version-history":[{"count":2,"href":"https:\/\/eesc.usp.br\/estagios-admin\/index.php?rest_route=\/wp\/v2\/posts\/14415\/revisions"}],"predecessor-version":[{"id":14504,"href":"https:\/\/eesc.usp.br\/estagios-admin\/index.php?rest_route=\/wp\/v2\/posts\/14415\/revisions\/14504"}],"wp:attachment":[{"href":"https:\/\/eesc.usp.br\/estagios-admin\/index.php?rest_route=%2Fwp%2Fv2%2Fmedia&parent=14415"}],"wp:term":[{"taxonomy":"category","embeddable":true,"href":"https:\/\/eesc.usp.br\/estagios-admin\/index.php?rest_route=%2Fwp%2Fv2%2Fcategories&post=14415"},{"taxonomy":"post_tag","embeddable":true,"href":"https:\/\/eesc.usp.br\/estagios-admin\/index.php?rest_route=%2Fwp%2Fv2%2Ftags&post=14415"}],"curies":[{"name":"wp","href":"https:\/\/api.w.org\/{rel}","templated":true}]}}