{"id":15377,"date":"2026-08-07T15:55:17","date_gmt":"2026-08-07T15:55:17","guid":{"rendered":"p=15377"},"modified":"2026-08-07T15:55:17","modified_gmt":"2026-08-07T15:55:17","slug":"design-de-identidade-visual-para-sistema-computacional-de-gestao-de-quedas-em-idosos","status":"publish","type":"post","link":"https:\/\/eesc.usp.br\/estagios-admin\/?p=15377","title":{"rendered":"Design de Identidade Visual para Sistema Computacional de Gest\u00e3o de Quedas em Idosos"},"content":{"rendered":"<p><strong>Objetivos:<\/strong> Objetivo: Promover a integra\u00e7\u00e3o entre a constru\u00e7\u00e3o de sistemas computacionais e a pr\u00e1tica de cuidados em gerontologia, por meio do planejamento e desenvolvimento da identidade visual do sistema.<\/p>\n<p>Metas:<br \/>\nCriar a marca e o logotipo oficial do sistema<br \/>\nDesenvolvimento de um Guia\/Manual de Identidade Visual contendo as regras de aplica\u00e7\u00e3o da marca, tipografia e diretrizes de design para uso consistente da marca <\/p>\n<p>Resultados Esperados:<br \/>\nIdentidade visual s\u00f3lida e profissional, que agregue valor e aumente a credibilidade do sistema computacional em apresenta\u00e7\u00f5es cient\u00edficas, relat\u00f3rios de impacto e em futuras propostas de ado\u00e7\u00e3o junto \u00e0s Secretarias de Sa\u00fade.<\/p>\n<p><strong>Pr\u00e9-requitos:<\/strong> Aluno(a) do BCC\/ICMC\/USP.<\/p>\n<p><strong>Crit\u00e9rios de sele\u00e7\u00e3o:<\/strong> &#8211; Experi\u00eancia com arte gr\u00e1fica (ter feito computa\u00e7\u00e3o gr\u00e1fica \u00e9 um diferencial) e cria\u00e7\u00e3o de logotipos\/logomarcas.<\/p>\n<p><strong>Docente respons\u00e1vel:<\/strong> Jean Roberto Ponciano<\/p>\n<p><strong>Per\u00eddo da oferta:<\/strong> 24\/08\/2026 a 18\/10\/2026<\/p>\n<p><strong>Per\u00edodo de inscri\u00e7\u00f5es:<\/strong> 10\/08\/2026 a 12\/08\/2026<\/p>\n<p><strong>Total de vagas:<\/strong> 1<\/p>\n<p><strong>Informa\u00e7\u00f5es adicionais:<\/strong> <\/p>\n","protected":false},"excerpt":{"rendered":"<p>Objetivos: Objetivo: Promover a integra\u00e7\u00e3o entre a constru\u00e7\u00e3o de sistemas computacionais e a pr\u00e1tica de cuidados em gerontologia, por meio do planejamento e desenvolvimento da identidade visual do sistema. Metas: Criar a marca e o logotipo oficial do sistema Desenvolvimento de um Guia\/Manual de Identidade Visual contendo as regras de aplica\u00e7\u00e3o da marca, tipografia e&hellip; <a class=\"more-link\" href=\"https:\/\/eesc.usp.br\/estagios-admin\/?p=15377\">Continuar lendo <span class=\"screen-reader-text\">Design de Identidade Visual para Sistema Computacional de Gest\u00e3o de Quedas em Idosos<\/span><\/a><\/p>\n","protected":false},"author":3,"featured_media":0,"comment_status":"closed","ping_status":"closed","sticky":false,"template":"","format":"standard","meta":{"footnotes":""},"categories":[21],"tags":[],"class_list":["post-15377","post","type-post","status-publish","format-standard","hentry","category-icmc","entry"],"_links":{"self":[{"href":"https:\/\/eesc.usp.br\/estagios-admin\/index.php?rest_route=\/wp\/v2\/posts\/15377","targetHints":{"allow":["GET"]}}],"collection":[{"href":"https:\/\/eesc.usp.br\/estagios-admin\/index.php?rest_route=\/wp\/v2\/posts"}],"about":[{"href":"https:\/\/eesc.usp.br\/estagios-admin\/index.php?rest_route=\/wp\/v2\/types\/post"}],"author":[{"embeddable":true,"href":"https:\/\/eesc.usp.br\/estagios-admin\/index.php?rest_route=\/wp\/v2\/users\/3"}],"replies":[{"embeddable":true,"href":"https:\/\/eesc.usp.br\/estagios-admin\/index.php?rest_route=%2Fwp%2Fv2%2Fcomments&post=15377"}],"version-history":[{"count":0,"href":"https:\/\/eesc.usp.br\/estagios-admin\/index.php?rest_route=\/wp\/v2\/posts\/15377\/revisions"}],"wp:attachment":[{"href":"https:\/\/eesc.usp.br\/estagios-admin\/index.php?rest_route=%2Fwp%2Fv2%2Fmedia&parent=15377"}],"wp:term":[{"taxonomy":"category","embeddable":true,"href":"https:\/\/eesc.usp.br\/estagios-admin\/index.php?rest_route=%2Fwp%2Fv2%2Fcategories&post=15377"},{"taxonomy":"post_tag","embeddable":true,"href":"https:\/\/eesc.usp.br\/estagios-admin\/index.php?rest_route=%2Fwp%2Fv2%2Ftags&post=15377"}],"curies":[{"name":"wp","href":"https:\/\/api.w.org\/{rel}","templated":true}]}}