{"id":15507,"date":"2026-08-24T18:04:12","date_gmt":"2026-08-24T21:04:12","guid":{"rendered":"http:\/\/p=15507"},"modified":"2026-08-25T11:21:43","modified_gmt":"2026-08-25T14:21:43","slug":"estagio-em-escritorio-de-calculo-estrutural","status":"publish","type":"post","link":"https:\/\/eesc.usp.br\/estagios-admin\/?p=15507","title":{"rendered":"EST\u00c1GIO EM ESCRIT\u00d3RIO DE C\u00c1LCULO ESTRUTURAL"},"content":{"rendered":"<p>VAGA PARA EST\u00c1GIO EM ESCRIT\u00d3RIO DE PROJETO ESTRUTURAL, QUE ATUA NAS SEGUINTES \u00c1REAS: ESTRUTURAS DE CONCRETO ARMADO, ALVENARIA ESTRUTURAL, PAREDES DE CONCRETO E PR\u00c9-FABRICADAS<\/p>\n<p><strong>Requisitos: <\/strong><\/p>\n<p>\u2713 Cursando Engenharia Civil<\/p>\n<p>\u2713 Preferencialmente com curso T\u00e9cnico em Edifica\u00e7\u00f5es<\/p>\n<p>\u2713 Alunos do 1o, 2o ou 3o ano da gradua\u00e7\u00e3o<\/p>\n<p>\u2713 Forma\u00e7\u00e3o prevista para 2028\/2029<\/p>\n<p>\u2713 Conhecimentos intermedi\u00e1rios em Excel e AutoCAD<\/p>\n<p><strong>Benef\u00edcios: <\/strong><\/p>\n<p>\u2713 Bolsa-aux\u00edlio (valor por hora de est\u00e1gio)<\/p>\n<p>\u2713 Sistema de trabalho h\u00edbrido<\/p>\n<p>\u2713 GymPass (WellHub)<\/p>\n<p>\u2713 Vale-refei\u00e7\u00e3o (VR)<\/p>\n<p>\u2713 Vale-transporte (VT)<\/p>\n<p>\u2713 Seguro de Vida<\/p>\n<p>Os interessados pela vaga dever\u00e3o enviar curr\u00edculum para: <a href=\"mailto:curriculo@claudiopuga.com.br\">curriculo@claudiopuga.com.br<\/a>.<\/p>\n<p><img decoding=\"async\" class=\"alignnone size-full wp-image-15509\" src=\"https:\/\/www.eesc.usp.br\/estagios-admin\/wp-content\/uploads\/2026\/08\/CARTAZ DE EST\u00c1GIO - ENGENHARIA CIVIL - 2026.pdf\" alt=\"\" \/><\/p>\n","protected":false},"excerpt":{"rendered":"<p>VAGA PARA EST\u00c1GIO EM ESCRIT\u00d3RIO DE PROJETO ESTRUTURAL, QUE ATUA NAS SEGUINTES \u00c1REAS: ESTRUTURAS DE CONCRETO ARMADO, ALVENARIA ESTRUTURAL, PAREDES DE CONCRETO E PR\u00c9-FABRICADAS Requisitos: \u2713 Cursando Engenharia Civil \u2713 Preferencialmente com curso T\u00e9cnico em Edifica\u00e7\u00f5es \u2713 Alunos do 1o, 2o ou 3o ano da gradua\u00e7\u00e3o \u2713 Forma\u00e7\u00e3o prevista para 2028\/2029 \u2713 Conhecimentos intermedi\u00e1rios em&hellip; <a class=\"more-link\" href=\"https:\/\/eesc.usp.br\/estagios-admin\/?p=15507\">Continuar lendo <span class=\"screen-reader-text\">EST\u00c1GIO EM ESCRIT\u00d3RIO DE C\u00c1LCULO ESTRUTURAL<\/span><\/a><\/p>\n","protected":false},"author":5,"featured_media":0,"comment_status":"closed","ping_status":"closed","sticky":false,"template":"","format":"standard","meta":{"footnotes":""},"categories":[7],"tags":[],"class_list":["post-15507","post","type-post","status-publish","format-standard","hentry","category-vagas-de-estagios","entry"],"_links":{"self":[{"href":"https:\/\/eesc.usp.br\/estagios-admin\/index.php?rest_route=\/wp\/v2\/posts\/15507","targetHints":{"allow":["GET"]}}],"collection":[{"href":"https:\/\/eesc.usp.br\/estagios-admin\/index.php?rest_route=\/wp\/v2\/posts"}],"about":[{"href":"https:\/\/eesc.usp.br\/estagios-admin\/index.php?rest_route=\/wp\/v2\/types\/post"}],"author":[{"embeddable":true,"href":"https:\/\/eesc.usp.br\/estagios-admin\/index.php?rest_route=\/wp\/v2\/users\/5"}],"replies":[{"embeddable":true,"href":"https:\/\/eesc.usp.br\/estagios-admin\/index.php?rest_route=%2Fwp%2Fv2%2Fcomments&post=15507"}],"version-history":[{"count":1,"href":"https:\/\/eesc.usp.br\/estagios-admin\/index.php?rest_route=\/wp\/v2\/posts\/15507\/revisions"}],"predecessor-version":[{"id":15521,"href":"https:\/\/eesc.usp.br\/estagios-admin\/index.php?rest_route=\/wp\/v2\/posts\/15507\/revisions\/15521"}],"wp:attachment":[{"href":"https:\/\/eesc.usp.br\/estagios-admin\/index.php?rest_route=%2Fwp%2Fv2%2Fmedia&parent=15507"}],"wp:term":[{"taxonomy":"category","embeddable":true,"href":"https:\/\/eesc.usp.br\/estagios-admin\/index.php?rest_route=%2Fwp%2Fv2%2Fcategories&post=15507"},{"taxonomy":"post_tag","embeddable":true,"href":"https:\/\/eesc.usp.br\/estagios-admin\/index.php?rest_route=%2Fwp%2Fv2%2Ftags&post=15507"}],"curies":[{"name":"wp","href":"https:\/\/api.w.org\/{rel}","templated":true}]}}