{"id":15533,"date":"2026-08-27T07:20:14","date_gmt":"2026-08-27T07:20:14","guid":{"rendered":"p=15533"},"modified":"2026-08-27T07:20:14","modified_gmt":"2026-08-27T07:20:14","slug":"mediacao-cientifica-e-divulgacao-da-astronomia-no-observatorio-dietrich-schiel","status":"publish","type":"post","link":"https:\/\/eesc.usp.br\/estagios-admin\/?p=15533","title":{"rendered":"Media\u00e7\u00e3o Cient\u00edfica e Divulga\u00e7\u00e3o da Astronomia no Observat\u00f3rio Dietrich Schiel"},"content":{"rendered":"<p><strong>Objetivos:<\/strong> Objetivos:<br \/>\n&#8211; Promover a forma\u00e7\u00e3o cidad\u00e3 e pedag\u00f3gica de alunos da USP por meio da media\u00e7\u00e3o cient\u00edfica.<br \/>\n&#8211; Democratizar o acesso ao conhecimento astron\u00f4mico e aos equipamentos da USP para a comunidade de S\u00e3o Carlos e regi\u00e3o.<br \/>\n&#8211; Integrar teoria acad\u00eamica \u00e0 pr\u00e1tica dialogada com a Educa\u00e7\u00e3o B\u00e1sica e a sociedade.<\/p>\n<p>Metas:<br \/>\n&#8211; Atender turmas de escolas p\u00fablicas e privadas em visitas agendadas ao longo do semestre.<br \/>\n&#8211; Realizar atendimentos noturnos ao p\u00fablico espont\u00e2neo nos finais de semana.<br \/>\n&#8211; Apresentar palestras na Sess\u00e3o Astronomia e realizar o Domingo Solar mensalmente.<br \/>\n&#8211; Produzir postagens semanais de divulga\u00e7\u00e3o cient\u00edfica nas redes sociais do Observat\u00f3rio.<\/p>\n<p>Resultados Esperados:<br \/>\n&#8211; Despertar o interesse da comunidade externa pela ci\u00eancia.<br \/>\n&#8211; Desenvolver orat\u00f3ria, escrita did\u00e1tica, trabalho em equipe e media\u00e7\u00e3o cultural nos estudantes da USP.<br \/>\n&#8211; Fortalecer o papel social do CDCC\/USP como espa\u00e7o inclusivo e gratuito de educa\u00e7\u00e3o cient\u00edfica.<\/p>\n<p><strong>Pr\u00e9-requitos:<\/strong> Haver cursado com aprova\u00e7\u00e3o a disciplina 7600120 &#8211; Introdu\u00e7\u00e3o \u00e0 Astronomia e Astrof\u00edsica OU a disciplina SLC0654 &#8211; Ensino e Divulga\u00e7\u00e3o de Astronomia e Astrof\u00edsica OU o curso de Introdu\u00e7\u00e3o \u00e0 Astronomia do Observat\u00f3rio Dietrich Schiel (ou equivalente).<\/p>\n<p>Justificativa: Os conte\u00fados te\u00f3ricos e metodol\u00f3gicos dessas disciplinas garantem a base cient\u00edfica s\u00f3lida e a autonomia necess\u00e1rias para que os estudantes realizem a media\u00e7\u00e3o de conceitos com o p\u00fablico escolar e a comunidade em geral de forma clara e rigorosa.<\/p>\n<p><strong>Crit\u00e9rios de sele\u00e7\u00e3o:<\/strong> 1. Disponibilidade de Hor\u00e1rio: Compatibilidade comprovada de grade hor\u00e1ria para participar de uma das reuni\u00f5es semanais de equipe e cumprir os plant\u00f5es de atendimento presencial (incluindo per\u00edodos noturnos e\/ou finais de semana).<\/p>\n<p>2. Perfil e Forma\u00e7\u00e3o: Ter cursado com aprova\u00e7\u00e3o as disciplinas 7600120 (Introdu\u00e7\u00e3o \u00e0 Astronomia e Astrof\u00edsica) ou SLC0654 (Ensino e Divulga\u00e7\u00e3o de Astronomia e Astrof\u00edsica), o curso de Introdu\u00e7\u00e3o \u00e0 Astronomia do Observat\u00f3rio Dietrich Schiel , ou equivalentes, ser\u00e1 considerado diferencial positivo na pontua\u00e7\u00e3o, sem car\u00e1ter excludente para candidatos com forte motiva\u00e7\u00e3o e disponibilidade.<\/p>\n<p>Crit\u00e9rios de desempate priorizar\u00e3o estudantes com maior avan\u00e7o no curso e disponibilidade de atendimento.<\/p>\n<p><strong>Docente respons\u00e1vel:<\/strong> Aion da Escossia Melo Viana<\/p>\n<p><strong>Per\u00eddo da oferta:<\/strong> 15\/09\/2026 a 29\/01\/2027<\/p>\n<p><strong>Per\u00edodo de inscri\u00e7\u00f5es:<\/strong> 31\/08\/2026 a 07\/09\/2026<\/p>\n<p><strong>Total de vagas:<\/strong> 8<\/p>\n<p><strong>Informa\u00e7\u00f5es adicionais:<\/strong> A atividade extensionista \u00e9 presencial e realizada no Observat\u00f3rio Dietrich Schiel do CDCC\/USP S\u00e3o Carlos. A dedica\u00e7\u00e3o m\u00e9dia prevista \u00e9 de 8 a 10 horas semanais (carga hor\u00e1ria semanal m\u00ednima de quatro horas presenciais), distribu\u00eddas entre atendimento direto ao p\u00fablico, reuni\u00f5es e prepara\u00e7\u00e3o de materiais.<\/p>\n<p>1. Reuni\u00f5es de Equipe: O estudante selecionado dever\u00e1 ter disponibilidade para participar de uma das reuni\u00f5es semanais de acompanhamento e planejamen<br \/>\n&#8211; Op\u00e7\u00e3o noturna: Segundas-feiras, das 19h30 \u00e0s 21h00;<br \/>\n&#8211; Op\u00e7\u00e3o diurna: Ter\u00e7as-feiras, das 14h00 \u00e0s 15h30.<\/p>\n<p>2. Escalas de Atendimento ao P\u00fablico:<br \/>\n&#8211; Sess\u00f5es noturnas de observa\u00e7\u00e3o do c\u00e9u: Sextas, s\u00e1bados ou domingos, das 19h30 \u00e0s 22h30 (inclui montagem e desmontagem de instrumentos);<br \/>\n&#8211; Visitas escolares agendadas: Ter\u00e7as, quartas ou quintas-feiras (turnos diurnos de 3 horas);<br \/>\n&#8211; Planet\u00e1rio\/TVI: sess\u00f5es aos s\u00e1bados e domingos, das 14h15 \u00e0s 17h15.<br \/>\n&#8211; Eventos mensais: Domingo Solar (\u00faltimo domingo do m\u00eas, das 10h \u00e0s 12h) e Sess\u00e3o Astronomia (\u00faltimo s\u00e1bado do m\u00eas \u00e0 noite).<\/p>\n<p>3. Orienta\u00e7\u00f5es Gerais:<br \/>\n&#8211; Os hor\u00e1rios de monitoria s\u00e3o destinados exclusivamente \u00e0s tarefas do Observat\u00f3rio;<br \/>\n&#8211; A atividade envolve intera\u00e7\u00e3o cont\u00ednua com a comunidade externa e com turmas escolares da Educa\u00e7\u00e3o B\u00e1sica;<br \/>\n&#8211; \u00c9 fundamental a pontualidade, o comprometimento com o trabalho coletivo e o engajamento na comunica\u00e7\u00e3o cient\u00edfica.<\/p>\n","protected":false},"excerpt":{"rendered":"<p>Objetivos: Objetivos: &#8211; Promover a forma\u00e7\u00e3o cidad\u00e3 e pedag\u00f3gica de alunos da USP por meio da media\u00e7\u00e3o cient\u00edfica. &#8211; Democratizar o acesso ao conhecimento astron\u00f4mico e aos equipamentos da USP para a comunidade de S\u00e3o Carlos e regi\u00e3o. &#8211; Integrar teoria acad\u00eamica \u00e0 pr\u00e1tica dialogada com a Educa\u00e7\u00e3o B\u00e1sica e a sociedade. Metas: &#8211; Atender&hellip; <a class=\"more-link\" href=\"https:\/\/eesc.usp.br\/estagios-admin\/?p=15533\">Continuar lendo <span class=\"screen-reader-text\">Media\u00e7\u00e3o Cient\u00edfica e Divulga\u00e7\u00e3o da Astronomia no Observat\u00f3rio Dietrich Schiel<\/span><\/a><\/p>\n","protected":false},"author":3,"featured_media":0,"comment_status":"closed","ping_status":"closed","sticky":false,"template":"","format":"standard","meta":{"footnotes":""},"categories":[24],"tags":[],"class_list":["post-15533","post","type-post","status-publish","format-standard","hentry","category-cdcc","entry"],"_links":{"self":[{"href":"https:\/\/eesc.usp.br\/estagios-admin\/index.php?rest_route=\/wp\/v2\/posts\/15533","targetHints":{"allow":["GET"]}}],"collection":[{"href":"https:\/\/eesc.usp.br\/estagios-admin\/index.php?rest_route=\/wp\/v2\/posts"}],"about":[{"href":"https:\/\/eesc.usp.br\/estagios-admin\/index.php?rest_route=\/wp\/v2\/types\/post"}],"author":[{"embeddable":true,"href":"https:\/\/eesc.usp.br\/estagios-admin\/index.php?rest_route=\/wp\/v2\/users\/3"}],"replies":[{"embeddable":true,"href":"https:\/\/eesc.usp.br\/estagios-admin\/index.php?rest_route=%2Fwp%2Fv2%2Fcomments&post=15533"}],"version-history":[{"count":0,"href":"https:\/\/eesc.usp.br\/estagios-admin\/index.php?rest_route=\/wp\/v2\/posts\/15533\/revisions"}],"wp:attachment":[{"href":"https:\/\/eesc.usp.br\/estagios-admin\/index.php?rest_route=%2Fwp%2Fv2%2Fmedia&parent=15533"}],"wp:term":[{"taxonomy":"category","embeddable":true,"href":"https:\/\/eesc.usp.br\/estagios-admin\/index.php?rest_route=%2Fwp%2Fv2%2Fcategories&post=15533"},{"taxonomy":"post_tag","embeddable":true,"href":"https:\/\/eesc.usp.br\/estagios-admin\/index.php?rest_route=%2Fwp%2Fv2%2Ftags&post=15533"}],"curies":[{"name":"wp","href":"https:\/\/api.w.org\/{rel}","templated":true}]}}