{"id":15551,"date":"2026-08-29T07:20:13","date_gmt":"2026-08-29T07:20:13","guid":{"rendered":"p=15551"},"modified":"2026-08-29T07:20:13","modified_gmt":"2026-08-29T07:20:13","slug":"feira-usp-e-as-profissoes-2026-&x2013;-3o-dia","status":"publish","type":"post","link":"https:\/\/eesc.usp.br\/estagios-admin\/?p=15551","title":{"rendered":"Feira USP e as Profiss\u00f5es 2026 &#038;x2013; 3o Dia"},"content":{"rendered":"<p><strong>Objetivos:<\/strong> O objetivo principal desta AEX \u00e9 possibilitar que os estudantes USP interajam com estudantes do Ensino M\u00e9dio, a fim de com eles falar sobre a USP e relatar aspectos de sua experi\u00eancia nessa Universidade.<br \/>\nA meta \u00e9 colocar os estudantes USP em contato com os do Ensino M\u00e9dio p\u00fablico para que esses se sintam motivados a tornarem-se tamb\u00e9m uspianos.<br \/>\nEspera-se que com essa a\u00e7\u00e3o os estudantes do Ensino M\u00e9dio passem a conhecer melhor a USP e se sintam atra\u00eddos para nela ingressar.<\/p>\n<p><strong>Pr\u00e9-requitos:<\/strong> Ser estudante do 2o ano em diante do curso de Bacharelado em Qu\u00edmica do Instituto de Qu\u00edmica de S\u00e3o Carlos.<\/p>\n<p><strong>Crit\u00e9rios de sele\u00e7\u00e3o:<\/strong> Ser aluno do 2o ano em diante do curso de Bacharelado em Qu\u00edmica do Instituto de Qu\u00edmica de S\u00e3o Carlos.<\/p>\n<p><strong>Docente respons\u00e1vel:<\/strong> Roberto Luiz Andrade Haiduke<\/p>\n<p><strong>Per\u00eddo da oferta:<\/strong> 14\/09\/2026 a 28\/09\/2026<\/p>\n<p><strong>Per\u00edodo de inscri\u00e7\u00f5es:<\/strong> 28\/08\/2026 a 03\/09\/2026<\/p>\n<p><strong>Total de vagas:<\/strong> 4<\/p>\n<p><strong>Informa\u00e7\u00f5es adicionais:<\/strong> Prepara\u00e7\u00e3o e teste de experimentos demonstrativos ser\u00e3o feitos antes da feira de profiss\u00f5es, em data a ser combinada.<br \/>\nNo dia 26\/09, os alunos participantes precisar\u00e3o estar presentes no estande do IQSC, na Feira de Profiss\u00f5es da USP 2026.<\/p>\n","protected":false},"excerpt":{"rendered":"<p>Objetivos: O objetivo principal desta AEX \u00e9 possibilitar que os estudantes USP interajam com estudantes do Ensino M\u00e9dio, a fim de com eles falar sobre a USP e relatar aspectos de sua experi\u00eancia nessa Universidade. A meta \u00e9 colocar os estudantes USP em contato com os do Ensino M\u00e9dio p\u00fablico para que esses se sintam&hellip; <a class=\"more-link\" href=\"https:\/\/eesc.usp.br\/estagios-admin\/?p=15551\">Continuar lendo <span class=\"screen-reader-text\">Feira USP e as Profiss\u00f5es 2026 &#038;x2013; 3o Dia<\/span><\/a><\/p>\n","protected":false},"author":3,"featured_media":0,"comment_status":"closed","ping_status":"closed","sticky":false,"template":"","format":"standard","meta":{"footnotes":""},"categories":[22],"tags":[],"class_list":["post-15551","post","type-post","status-publish","format-standard","hentry","category-iqsc","entry"],"_links":{"self":[{"href":"https:\/\/eesc.usp.br\/estagios-admin\/index.php?rest_route=\/wp\/v2\/posts\/15551","targetHints":{"allow":["GET"]}}],"collection":[{"href":"https:\/\/eesc.usp.br\/estagios-admin\/index.php?rest_route=\/wp\/v2\/posts"}],"about":[{"href":"https:\/\/eesc.usp.br\/estagios-admin\/index.php?rest_route=\/wp\/v2\/types\/post"}],"author":[{"embeddable":true,"href":"https:\/\/eesc.usp.br\/estagios-admin\/index.php?rest_route=\/wp\/v2\/users\/3"}],"replies":[{"embeddable":true,"href":"https:\/\/eesc.usp.br\/estagios-admin\/index.php?rest_route=%2Fwp%2Fv2%2Fcomments&post=15551"}],"version-history":[{"count":0,"href":"https:\/\/eesc.usp.br\/estagios-admin\/index.php?rest_route=\/wp\/v2\/posts\/15551\/revisions"}],"wp:attachment":[{"href":"https:\/\/eesc.usp.br\/estagios-admin\/index.php?rest_route=%2Fwp%2Fv2%2Fmedia&parent=15551"}],"wp:term":[{"taxonomy":"category","embeddable":true,"href":"https:\/\/eesc.usp.br\/estagios-admin\/index.php?rest_route=%2Fwp%2Fv2%2Fcategories&post=15551"},{"taxonomy":"post_tag","embeddable":true,"href":"https:\/\/eesc.usp.br\/estagios-admin\/index.php?rest_route=%2Fwp%2Fv2%2Ftags&post=15551"}],"curies":[{"name":"wp","href":"https:\/\/api.w.org\/{rel}","templated":true}]}}