{"id":1635,"date":"2022-07-04T08:05:27","date_gmt":"2022-07-04T11:05:27","guid":{"rendered":"https:\/\/www.eesc.usp.br\/estagios-admin\/?p=1635"},"modified":"2022-07-04T08:05:27","modified_gmt":"2022-07-04T11:05:27","slug":"programa-de-trainee-loreal-2022","status":"publish","type":"post","link":"https:\/\/eesc.usp.br\/estagios-admin\/?p=1635","title":{"rendered":"Programa de Trainee L&#8217;Or\u00e9al 2022"},"content":{"rendered":"<p><img loading=\"lazy\" decoding=\"async\" class=\"alignnone wp-image-1636 size-full\" src=\"https:\/\/www.eesc.usp.br\/estagios-admin\/wp-content\/uploads\/2022\/07\/unnamed-1.png\" alt=\"\" width=\"937\" height=\"512\" srcset=\"https:\/\/eesc.usp.br\/estagios-admin\/wp-content\/uploads\/2022\/07\/unnamed-1.png 937w, https:\/\/eesc.usp.br\/estagios-admin\/wp-content\/uploads\/2022\/07\/unnamed-1-300x164.png 300w, https:\/\/eesc.usp.br\/estagios-admin\/wp-content\/uploads\/2022\/07\/unnamed-1-150x82.png 150w, https:\/\/eesc.usp.br\/estagios-admin\/wp-content\/uploads\/2022\/07\/unnamed-1-768x420.png 768w\" sizes=\"auto, (max-width: 937px) 100vw, 937px\" \/><\/p>\n<p><u><b>Vagas em S\u00e3o Paulo e Rio de Janeiro<\/b><\/u><\/p>\n<p><b>SOBRE O PROGRAMA<\/b><\/p>\n<p>Nosso programa de Trainee, com dura\u00e7\u00e3o de 1 ano, prepara voc\u00ea para uma carreira na empresa #1 de Beleza do mundo!<\/p>\n<p>Voc\u00ea se juntar\u00e1 a uma equipe diversa e que tem paix\u00e3o pelo mercado da beleza. Acreditamos que beleza vai muito al\u00e9m da est\u00e9tica, traz empoderamento e confian\u00e7a para as pessoas ao redor do mundo, mudando suas vidas para melhor.<\/p>\n<p>Em nosso programa, avaliamos o seu potencial como profissional. O que importa \u00e9 sua vontade de aprender, recebendo conhecimento constante e tendo a oportunidade de trazer a sua individualidade para dentro dos projetos &#8211; sempre assegurando que nossos produtos ir\u00e3o atender \u00e0s necessidades de todas as formas de beleza dos consumidores.<\/p>\n<p><b>REQUISITOS<\/b><\/p>\n<ul>\n<li>Ano de forma\u00e7\u00e3o: Jul\/2020 a Jul\/2022;<\/li>\n<li>Tecn\u00f3logo, Bacharel ou Licenciatura;<\/li>\n<li>Disponibilidade e flexibilidade para residir em outros estados;<\/li>\n<li>Ser\u00e1 considerado um diferencial possuir alguma experi\u00eancia profissional ou de est\u00e1gio.<\/li>\n<\/ul>\n<p><b>BENEF\u00cdCIOS<\/b><\/p>\n<ul>\n<li>\u00a0Compromisso Salarial em caso de afastamentos;<\/li>\n<li>Previd\u00eancia Privada;<\/li>\n<li>Seguro Viagem;<\/li>\n<li>Seguro de Vida;<\/li>\n<li>Suporte em caso de viol\u00eancia dom\u00e9stica;<\/li>\n<li>Compra de produtos L\u2019Or\u00e9al com descontos exclusivos;<\/li>\n<li>Clube L\u2019Or\u00e9al &#8211; com parceiros exclusivos e descontos para colaboradores;<\/li>\n<li>Aux\u00edlio Creche para m\u00e3es;<\/li>\n<li>Vale-refei\u00e7\u00e3o ou Vale-alimenta\u00e7\u00e3o;<\/li>\n<li>Vale-transporte;<\/li>\n<li>Plano de Sa\u00fade;<\/li>\n<li>Plano Odontol\u00f3gico;<\/li>\n<li>Gympass;<\/li>\n<li>Programa Voc\u00ea Vale +;<\/li>\n<li>Programa de Assist\u00eancia ao empregado;<\/li>\n<li>40% de subs\u00eddio em terapia;<\/li>\n<li>Happy Day &#8211; Dia do anivers\u00e1rio off;<\/li>\n<li>Short Friday &#8211; Sa\u00edda \u00e0s 15h nas sextas;<\/li>\n<li>Licen\u00e7a Maternidade de 180 dias;<\/li>\n<li>Licen\u00e7a Paternidade de 45 dias;<\/li>\n<li>Licen\u00e7as Maternidade e Paternidade para p\u00fablico LGBTQIA+;<\/li>\n<li>Escrit\u00f3rio com ambientes colaborativos;<\/li>\n<li>Loja f\u00edsica na Sede RJ;<\/li>\n<li>Cafeteria e restaurante;<\/li>\n<li>Shiatsu;<\/li>\n<li>Esmalteria;<\/li>\n<li>Gin\u00e1stica Laboral.<\/li>\n<\/ul>\n<p><b>Inscri\u00e7\u00f5es at\u00e9 22\/07<br \/>\nLink de inscri\u00e7\u00e3o:\u00a0<a href=\"https:\/\/grulink.grupociadetalentos.com.br\/cl\/PNqoX\/EL62\/f2f4\/HvDxICfKxVb\/BOZj\/OFfQwZap4WZ\/1\/\" target=\"_blank\" rel=\"noopener\" data-saferedirecturl=\"https:\/\/www.google.com\/url?q=https:\/\/grulink.grupociadetalentos.com.br\/cl\/PNqoX\/EL62\/f2f4\/HvDxICfKxVb\/BOZj\/OFfQwZap4WZ\/1\/&amp;source=gmail&amp;ust=1657018714526000&amp;usg=AOvVaw32kcgpOvCcak0FQiAZbPbu\">https:\/\/bit.ly\/<wbr \/>3AiZRk1<\/a><\/b><\/p>\n","protected":false},"excerpt":{"rendered":"<p>Vagas em S\u00e3o Paulo e Rio de Janeiro SOBRE O PROGRAMA Nosso programa de Trainee, com dura\u00e7\u00e3o de 1 ano, prepara voc\u00ea para uma carreira na empresa #1 de Beleza do mundo! Voc\u00ea se juntar\u00e1 a uma equipe diversa e que tem paix\u00e3o pelo mercado da beleza. Acreditamos que beleza vai muito al\u00e9m da est\u00e9tica,&hellip; <a class=\"more-link\" href=\"https:\/\/eesc.usp.br\/estagios-admin\/?p=1635\">Continuar lendo <span class=\"screen-reader-text\">Programa de Trainee L&#8217;Or\u00e9al 2022<\/span><\/a><\/p>\n","protected":false},"author":8,"featured_media":0,"comment_status":"closed","ping_status":"closed","sticky":false,"template":"","format":"standard","meta":{"footnotes":""},"categories":[7],"tags":[],"class_list":["post-1635","post","type-post","status-publish","format-standard","hentry","category-vagas-de-estagios","entry"],"_links":{"self":[{"href":"https:\/\/eesc.usp.br\/estagios-admin\/index.php?rest_route=\/wp\/v2\/posts\/1635","targetHints":{"allow":["GET"]}}],"collection":[{"href":"https:\/\/eesc.usp.br\/estagios-admin\/index.php?rest_route=\/wp\/v2\/posts"}],"about":[{"href":"https:\/\/eesc.usp.br\/estagios-admin\/index.php?rest_route=\/wp\/v2\/types\/post"}],"author":[{"embeddable":true,"href":"https:\/\/eesc.usp.br\/estagios-admin\/index.php?rest_route=\/wp\/v2\/users\/8"}],"replies":[{"embeddable":true,"href":"https:\/\/eesc.usp.br\/estagios-admin\/index.php?rest_route=%2Fwp%2Fv2%2Fcomments&post=1635"}],"version-history":[{"count":1,"href":"https:\/\/eesc.usp.br\/estagios-admin\/index.php?rest_route=\/wp\/v2\/posts\/1635\/revisions"}],"predecessor-version":[{"id":1637,"href":"https:\/\/eesc.usp.br\/estagios-admin\/index.php?rest_route=\/wp\/v2\/posts\/1635\/revisions\/1637"}],"wp:attachment":[{"href":"https:\/\/eesc.usp.br\/estagios-admin\/index.php?rest_route=%2Fwp%2Fv2%2Fmedia&parent=1635"}],"wp:term":[{"taxonomy":"category","embeddable":true,"href":"https:\/\/eesc.usp.br\/estagios-admin\/index.php?rest_route=%2Fwp%2Fv2%2Fcategories&post=1635"},{"taxonomy":"post_tag","embeddable":true,"href":"https:\/\/eesc.usp.br\/estagios-admin\/index.php?rest_route=%2Fwp%2Fv2%2Ftags&post=1635"}],"curies":[{"name":"wp","href":"https:\/\/api.w.org\/{rel}","templated":true}]}}