{"id":2273,"date":"2022-10-06T15:36:44","date_gmt":"2022-10-06T18:36:44","guid":{"rendered":"https:\/\/www.eesc.usp.br\/estagios-admin\/?p=2273"},"modified":"2022-10-06T15:36:44","modified_gmt":"2022-10-06T18:36:44","slug":"2273","status":"publish","type":"post","link":"https:\/\/eesc.usp.br\/estagios-admin\/?p=2273","title":{"rendered":"Sem t\u00edtulo"},"content":{"rendered":"<div><img decoding=\"async\" class=\"aligncenter\" src=\"https:\/\/res.cloudinary.com\/walljobs\/image\/upload\/c_thumb,g_face,h_180,w_180\/v1665066553\/h5le0eqg5xvtbgeulcvz.jpg\" \/><\/div>\n<div>Buscamos estudante para est\u00e1gio em Comunica\u00e7\u00e3o, com foco em Marketing Digital, para atuar na plataforma Impulso Previne, a ferramenta criada pela Impulso para apoiar gestores de sa\u00fade municipais na an\u00e1lise e compreens\u00e3o de dados e indicadores do programa Previne Brasil, o novo modelo de financiamento federal da Aten\u00e7\u00e3o Prim\u00e1ria \u00e0 Sa\u00fade. Nosso principal objetivo \u00e9 manter o p\u00fablico engajado com conte\u00fados de valor.<\/div>\n<div>\u00a0<\/div>\n<div>QUAIS SER\u00c3O SUAS PRINCIPAIS FUN\u00c7\u00d5ES:<\/div>\n<div>Articula\u00e7\u00e3o com munic\u00edpios e parceiros institucionais, incluindo a elabora\u00e7\u00e3o de toolkit para divulga\u00e7\u00e3o do produto<\/div>\n<div>Dar suporte no planejamento de comunica\u00e7\u00e3o e marketing do produto Impulso Previne, incluindo defini\u00e7\u00e3o de personas, p\u00fablico-alvo e estrat\u00e9gia, etc;<\/div>\n<div>Planejar, gerenciar e produzir conte\u00fado para os canais digitais do produto (site, blog, redes sociais, infoprodutos e e-mail)<\/div>\n<div>Acompanhar todas as m\u00e9tricas \u202festrat\u00e9gicas para gerar insights e orientar a tomada de decis\u00e3o sobre campanhas e linguagens que merecem mais investimento;<\/div>\n<div>Otimizar a plataforma digital Impulso Previne, com\u202ftrabalho de SEO, permitindo ampliar o tr\u00e1fego org\u00e2nico e atingindo novos usu\u00e1rios;<\/div>\n<div>\u00a0<\/div>\n<div>O QUE ESPERAMOS DE VOC\u00ca<\/div>\n<div>\u00a0<\/div>\n<div>\u00a0<\/div>\n<div>Estar cursando Comunica\u00e7\u00e3o Social, Jornalismo, Publicidade e Propaganda, Marketing Digital, Rela\u00e7\u00f5es P\u00fablicas, Design ou \u00e1reas correlatas;\u00a0\u00a0<\/div>\n<div>\u00a0<\/div>\n<div>Experi\u00eancia em produ\u00e7\u00e3o de conte\u00fado para a Web em seus mais diversos canais (blog, Instagram, LinkedIn, Facebook, Twitter etc);<\/div>\n<div>\u00a0<\/div>\n<div>Capacidade anal\u00edtica para compreender informa\u00e7\u00f5es estrat\u00e9gicas e t\u00e9cnicas sobre o servi\u00e7o\/produto digital da Impulso e traduzi-las em conte\u00fado atraente;<\/div>\n<div>\u00a0<\/div>\n<div>Excelente comunica\u00e7\u00e3o oral e escrita;<\/div>\n<div>\u00a0<\/div>\n<div>SERIA INCR\u00cdVEL SE VOC\u00ca TIVER<\/div>\n<div>Dom\u00ednio de estrat\u00e9gias de marketing digital, marketing de conte\u00fado e m\u00eddias sociais, assim como t\u00e9cnicas de SEO;<\/div>\n<div>\u00a0<\/div>\n<div>Interesse em se aprofundar na \u00e1rea de Gest\u00e3o de Relacionamento com Cliente (CRM);<\/div>\n<div>\u00a0<\/div>\n<div>Perfil criativo\/a, proativo\/a, multitarefas e comunicativo\/a;<\/div>\n<div>\u00a0<\/div>\n<div>\u00a0<\/div>\n<div>Link para se candidatar:\u00a0<a href=\"https:\/\/www.walljobs.com.br\/vagas\/estagiario-de-comunicacao-remoto-home-office-65846eac-a8a5-401e-b9e8-6600cf1da87b\" target=\"_blank\" rel=\"noopener\" data-saferedirecturl=\"https:\/\/www.google.com\/url?q=https:\/\/www.walljobs.com.br\/vagas\/estagiario-de-comunicacao-remoto-home-office-65846eac-a8a5-401e-b9e8-6600cf1da87b&amp;source=gmail&amp;ust=1665153803510000&amp;usg=AOvVaw2WascOirxrXRZZt8MHiY4i\">https:\/\/www.walljobs.com.br\/<wbr \/>vagas\/estagiario-de-<wbr \/>comunicacao-remoto-home-<wbr \/>office-65846eac-a8a5-401e-<wbr \/>b9e8-6600cf1da87b<\/a><\/div>\n","protected":false},"excerpt":{"rendered":"<p>Buscamos estudante para est\u00e1gio em Comunica\u00e7\u00e3o, com foco em Marketing Digital, para atuar na plataforma Impulso Previne, a ferramenta criada pela Impulso para apoiar gestores de sa\u00fade municipais na an\u00e1lise e compreens\u00e3o de dados e indicadores do programa Previne Brasil, o novo modelo de financiamento federal da Aten\u00e7\u00e3o Prim\u00e1ria \u00e0 Sa\u00fade. Nosso principal objetivo \u00e9&hellip; <a class=\"more-link\" href=\"https:\/\/eesc.usp.br\/estagios-admin\/?p=2273\">Continuar lendo <span class=\"screen-reader-text\">Sem t\u00edtulo<\/span><\/a><\/p>\n","protected":false},"author":8,"featured_media":0,"comment_status":"closed","ping_status":"closed","sticky":false,"template":"","format":"standard","meta":{"footnotes":""},"categories":[7],"tags":[],"class_list":["post-2273","post","type-post","status-publish","format-standard","hentry","category-vagas-de-estagios","entry"],"_links":{"self":[{"href":"https:\/\/eesc.usp.br\/estagios-admin\/index.php?rest_route=\/wp\/v2\/posts\/2273","targetHints":{"allow":["GET"]}}],"collection":[{"href":"https:\/\/eesc.usp.br\/estagios-admin\/index.php?rest_route=\/wp\/v2\/posts"}],"about":[{"href":"https:\/\/eesc.usp.br\/estagios-admin\/index.php?rest_route=\/wp\/v2\/types\/post"}],"author":[{"embeddable":true,"href":"https:\/\/eesc.usp.br\/estagios-admin\/index.php?rest_route=\/wp\/v2\/users\/8"}],"replies":[{"embeddable":true,"href":"https:\/\/eesc.usp.br\/estagios-admin\/index.php?rest_route=%2Fwp%2Fv2%2Fcomments&post=2273"}],"version-history":[{"count":1,"href":"https:\/\/eesc.usp.br\/estagios-admin\/index.php?rest_route=\/wp\/v2\/posts\/2273\/revisions"}],"predecessor-version":[{"id":2274,"href":"https:\/\/eesc.usp.br\/estagios-admin\/index.php?rest_route=\/wp\/v2\/posts\/2273\/revisions\/2274"}],"wp:attachment":[{"href":"https:\/\/eesc.usp.br\/estagios-admin\/index.php?rest_route=%2Fwp%2Fv2%2Fmedia&parent=2273"}],"wp:term":[{"taxonomy":"category","embeddable":true,"href":"https:\/\/eesc.usp.br\/estagios-admin\/index.php?rest_route=%2Fwp%2Fv2%2Fcategories&post=2273"},{"taxonomy":"post_tag","embeddable":true,"href":"https:\/\/eesc.usp.br\/estagios-admin\/index.php?rest_route=%2Fwp%2Fv2%2Ftags&post=2273"}],"curies":[{"name":"wp","href":"https:\/\/api.w.org\/{rel}","templated":true}]}}