{"id":2717,"date":"2022-12-06T10:30:30","date_gmt":"2022-12-06T13:30:30","guid":{"rendered":"https:\/\/www.eesc.usp.br\/estagios-admin\/?p=2717"},"modified":"2022-12-06T10:30:30","modified_gmt":"2022-12-06T13:30:30","slug":"programa-de-estagio-wabtec-2023","status":"publish","type":"post","link":"https:\/\/eesc.usp.br\/estagios-admin\/?p=2717","title":{"rendered":"PROGRAMA DE EST\u00c1GIO WABTEC 2023"},"content":{"rendered":"<p><img loading=\"lazy\" decoding=\"async\" class=\"alignnone size-medium wp-image-2718 aligncenter\" src=\"https:\/\/www.eesc.usp.br\/estagios-admin\/wp-content\/uploads\/2022\/12\/liveestagiario2-1-300x300.png\" alt=\"\" width=\"300\" height=\"300\" srcset=\"https:\/\/eesc.usp.br\/estagios-admin\/wp-content\/uploads\/2022\/12\/liveestagiario2-1-300x300.png 300w, https:\/\/eesc.usp.br\/estagios-admin\/wp-content\/uploads\/2022\/12\/liveestagiario2-1-1024x1024.png 1024w, https:\/\/eesc.usp.br\/estagios-admin\/wp-content\/uploads\/2022\/12\/liveestagiario2-1-150x150.png 150w, https:\/\/eesc.usp.br\/estagios-admin\/wp-content\/uploads\/2022\/12\/liveestagiario2-1-768x768.png 768w, https:\/\/eesc.usp.br\/estagios-admin\/wp-content\/uploads\/2022\/12\/liveestagiario2-1-1536x1536.png 1536w, https:\/\/eesc.usp.br\/estagios-admin\/wp-content\/uploads\/2022\/12\/liveestagiario2-1-2048x2048.png 2048w, https:\/\/eesc.usp.br\/estagios-admin\/wp-content\/uploads\/2022\/12\/liveestagiario2-1-1568x1568.png 1568w\" sizes=\"auto, (max-width: 300px) 100vw, 300px\" \/><\/p>\n<p>Voc\u00ea ainda n\u00e3o fez a inscri\u00e7\u00e3o? Tem alguma d\u00favida?\u00a0 Quer saber mais? Ent\u00e3o, leia este e-mail at\u00e9 o final que temos um convite para voc\u00ea. Mas, claro! Caso voc\u00ea tenha interesse de iniciar a sua trajet\u00f3ria profissional em uma empresa\u00a0<b>I N C R \u00cd V E L.<\/b>\u00a0\u00a0<img decoding=\"async\" class=\"an1\" src=\"https:\/\/fonts.gstatic.com\/s\/e\/notoemoji\/15.0\/1f60d\/72.png\" alt=\"\ud83d\ude0d\" data-emoji=\"\ud83d\ude0d\" aria-label=\"\ud83d\ude0d\" \/><\/p>\n<p>&nbsp;<\/p>\n<p><b>Quarta-feira, 07\/12, \u00e0s 18:30,<\/b>\u00a0te esperamos em uma super live\u00a0com um time que vai falar tudo o que\u00a0<i>voc\u00ea<\/i>\u00a0precisa saber sobre o\u00a0<b>PROGRAMA DE EST\u00c1GIO WAB TEC 2023<\/b>.\u00a0<\/p>\n<p>&nbsp;<\/p>\n<p><b>Para acessar a live Talk Show, basta clicar no link:\u00a0\u00a0<\/b><a title=\"https:\/\/youtu.be\/SQcdahxr0Sw\" href=\"https:\/\/youtu.be\/SQcdahxr0Sw\" target=\"_blank\" rel=\"noopener noreferrer\" data-saferedirecturl=\"https:\/\/www.google.com\/url?q=https:\/\/youtu.be\/SQcdahxr0Sw&amp;source=gmail&amp;ust=1670419658020000&amp;usg=AOvVaw2VfGXMIuUbqah7Sj8Kqp4d\">https:\/\/youtu.be\/<wbr \/>SQcdahxr0Sw<\/a>\u00a0\u00a0<\/p>\n<p>&nbsp;<\/p>\n<p>Ahh, ainda n\u00e3o fez a inscri\u00e7\u00e3o? Gostaria de indicar algu\u00e9m? Ent\u00e3o acessa o link e n\u00e3o deixa para a \u00faltima hora!<\/p>\n<p>&nbsp;<\/p>\n<p>O link \u00e9 esse aqui =&gt;\u00a0<a title=\"https:\/\/vagas.recrutamentointeligente.net\/gruposelpe\/estagiowabtec\" href=\"https:\/\/vagas.recrutamentointeligente.net\/gruposelpe\/estagiowabtec\" target=\"_blank\" rel=\"noopener noreferrer\" data-saferedirecturl=\"https:\/\/www.google.com\/url?q=https:\/\/vagas.recrutamentointeligente.net\/gruposelpe\/estagiowabtec&amp;source=gmail&amp;ust=1670419658020000&amp;usg=AOvVaw3sjZR6HgvvPO2hptQZ4kfJ\">https:\/\/vagas.<wbr \/>recrutamentointeligente.net\/<wbr \/>gruposelpe\/estagiowabtec<\/a><\/p>\n<p>&nbsp;<\/p>\n<p>Nos vemos na live Talk Show e, depois, nas pr\u00f3ximas etapas de sele\u00e7\u00e3o!<\/p>\n","protected":false},"excerpt":{"rendered":"<p>Voc\u00ea ainda n\u00e3o fez a inscri\u00e7\u00e3o? Tem alguma d\u00favida?\u00a0 Quer saber mais? Ent\u00e3o, leia este e-mail at\u00e9 o final que temos um convite para voc\u00ea. Mas, claro! Caso voc\u00ea tenha interesse de iniciar a sua trajet\u00f3ria profissional em uma empresa\u00a0I N C R \u00cd V E L.\u00a0\u00a0 &nbsp; Quarta-feira, 07\/12, \u00e0s 18:30,\u00a0te esperamos em uma&hellip; <a class=\"more-link\" href=\"https:\/\/eesc.usp.br\/estagios-admin\/?p=2717\">Continuar lendo <span class=\"screen-reader-text\">PROGRAMA DE EST\u00c1GIO WABTEC 2023<\/span><\/a><\/p>\n","protected":false},"author":8,"featured_media":0,"comment_status":"closed","ping_status":"closed","sticky":false,"template":"","format":"standard","meta":{"footnotes":""},"categories":[7],"tags":[],"class_list":["post-2717","post","type-post","status-publish","format-standard","hentry","category-vagas-de-estagios","entry"],"_links":{"self":[{"href":"https:\/\/eesc.usp.br\/estagios-admin\/index.php?rest_route=\/wp\/v2\/posts\/2717","targetHints":{"allow":["GET"]}}],"collection":[{"href":"https:\/\/eesc.usp.br\/estagios-admin\/index.php?rest_route=\/wp\/v2\/posts"}],"about":[{"href":"https:\/\/eesc.usp.br\/estagios-admin\/index.php?rest_route=\/wp\/v2\/types\/post"}],"author":[{"embeddable":true,"href":"https:\/\/eesc.usp.br\/estagios-admin\/index.php?rest_route=\/wp\/v2\/users\/8"}],"replies":[{"embeddable":true,"href":"https:\/\/eesc.usp.br\/estagios-admin\/index.php?rest_route=%2Fwp%2Fv2%2Fcomments&post=2717"}],"version-history":[{"count":1,"href":"https:\/\/eesc.usp.br\/estagios-admin\/index.php?rest_route=\/wp\/v2\/posts\/2717\/revisions"}],"predecessor-version":[{"id":2719,"href":"https:\/\/eesc.usp.br\/estagios-admin\/index.php?rest_route=\/wp\/v2\/posts\/2717\/revisions\/2719"}],"wp:attachment":[{"href":"https:\/\/eesc.usp.br\/estagios-admin\/index.php?rest_route=%2Fwp%2Fv2%2Fmedia&parent=2717"}],"wp:term":[{"taxonomy":"category","embeddable":true,"href":"https:\/\/eesc.usp.br\/estagios-admin\/index.php?rest_route=%2Fwp%2Fv2%2Fcategories&post=2717"},{"taxonomy":"post_tag","embeddable":true,"href":"https:\/\/eesc.usp.br\/estagios-admin\/index.php?rest_route=%2Fwp%2Fv2%2Ftags&post=2717"}],"curies":[{"name":"wp","href":"https:\/\/api.w.org\/{rel}","templated":true}]}}