{"id":3840,"date":"2023-04-28T12:16:45","date_gmt":"2023-04-28T15:16:45","guid":{"rendered":"https:\/\/www.eesc.usp.br\/estagios-admin\/?p=3840"},"modified":"2023-04-28T12:16:45","modified_gmt":"2023-04-28T15:16:45","slug":"o-cpqd-lanca-residencia-tecnologica-em-seguranca-cibernetica","status":"publish","type":"post","link":"https:\/\/eesc.usp.br\/estagios-admin\/?p=3840","title":{"rendered":"O CPQD lan\u00e7a Resid\u00eancia Tecnol\u00f3gica em Seguran\u00e7a Cibern\u00e9tica"},"content":{"rendered":"<div>\n<div><span style=\"color: #000000; font-family: arial, sans-serif; font-size: large;\">As inscri\u00e7\u00f5es j\u00e1 est\u00e3o abertas e v\u00e3o at\u00e9 dia 5 de maio.\u00a0<\/span><\/div>\n<div><span style=\"color: #000000; font-family: arial, sans-serif; font-size: large;\">Com vagas limitadas e sem custo algum aos participantes, a iniciativa inovadora tem como objetivo capacitar estudantes e profissionais para o mercado.<\/span><\/div>\n<div><span style=\"color: #000000; font-family: arial, sans-serif; font-size: large;\">\u00a0<\/span><\/div>\n<div><span style=\"color: #000000; font-family: arial, sans-serif; font-size: large;\">A primeira fase do treinamento ser\u00e1 realizada em parceria com a\u00a0<a role=\"link\" href=\"https:\/\/www.instagram.com\/instafacens\/\" target=\"_blank\" rel=\"noopener\" data-saferedirecturl=\"https:\/\/www.google.com\/url?q=https:\/\/www.instagram.com\/instafacens\/&amp;source=gmail&amp;ust=1682776433853000&amp;usg=AOvVaw1AifKumumW_jrcXPkfntM6\">@instafacens<\/a>, que ser\u00e1 respons\u00e1vel pelas aulas e pela trilha de aprendizagem.\u00a0<\/span><\/div>\n<div><span style=\"color: #000000; font-family: arial, sans-serif; font-size: large;\">J\u00e1 a segunda acontecer\u00e1 de forma h\u00edbrida no CPQD, onde os alunos ter\u00e3o a possibilidade de atuar em um ambiente de explora\u00e7\u00e3o de novas amea\u00e7as,<\/span><\/div>\n<div><span style=\"color: #000000; font-family: arial, sans-serif; font-size: large;\">\u00a0prote\u00e7\u00e3o e orquestra\u00e7\u00e3o de um time de Seguran\u00e7a Cibern\u00e9tica.<\/span><\/div>\n<div><span style=\"color: #000000; font-family: arial, sans-serif; font-size: large;\">\u00a0<\/span><\/div>\n<div><span style=\"color: #000000; font-family: arial, sans-serif; font-size: large;\">A Resid\u00eancia tem o apoio do Minist\u00e9rio da Ci\u00eancia, Tecnologia e Inova\u00e7\u00e3o (MCTI) e \u00e9 coordenado pela Softex.<\/span><\/div>\n<div><span style=\"color: #000000; font-family: arial, sans-serif; font-size: large;\">\u00a0<\/span><\/div>\n<div><span style=\"color: #000000; font-family: arial, sans-serif; font-size: large;\">Mais informa\u00e7\u00f5es, em:\u00a0<a href=\"https:\/\/facens.br\/residencia-cpqd\/\" target=\"_blank\" rel=\"noopener\" data-saferedirecturl=\"https:\/\/www.google.com\/url?q=https:\/\/facens.br\/residencia-cpqd\/&amp;source=gmail&amp;ust=1682776433853000&amp;usg=AOvVaw2m0pOpBfGDiUkuZdGb22bS\">https:\/\/facens.br\/residencia-<wbr \/>cpqd\/<\/a><\/span><\/div>\n<div><span style=\"color: #000000; font-family: arial, sans-serif; font-size: large;\">\u00a0<\/span><\/div>\n<div>As inscri\u00e7\u00f5es podem ser feitas pelo\u00a0<a href=\"https:\/\/docs.google.com\/forms\/d\/e\/1FAIpQLScfypp2LG0RRM5glfoysRlETm6aKr51npzOExto57oxQMwpAQ\/viewform?pli=1\" target=\"_blank\" rel=\"noopener\" data-saferedirecturl=\"https:\/\/www.google.com\/url?q=https:\/\/docs.google.com\/forms\/d\/e\/1FAIpQLScfypp2LG0RRM5glfoysRlETm6aKr51npzOExto57oxQMwpAQ\/viewform?pli%3D1&amp;source=gmail&amp;ust=1682776433853000&amp;usg=AOvVaw25OZoGZCDmbSOOhv_26dcM\">link<\/a>!<\/div>\n<div>\u00a0<\/div>\n<div><span style=\"color: #000000; font-family: arial, sans-serif; font-size: large;\">Ou acesse o\u00a0<a href=\"https:\/\/www.instagram.com\/explore\/tags\/facens\/\" target=\"_blank\" rel=\"noopener\" data-saferedirecturl=\"https:\/\/www.google.com\/url?q=https:\/\/www.instagram.com\/explore\/tags\/facens\/&amp;source=gmail&amp;ust=1682776433853000&amp;usg=AOvVaw0aZRjAhDLsdzzxKQg_n1Sb\">link<\/a>\u00a0da bio da Facens para se inscrever.<\/span><\/div>\n<div><span style=\"color: #000000; font-family: arial, sans-serif; font-size: large;\">\u00a0<\/span><\/div>\n<div>\n<div><a role=\"link\" href=\"https:\/\/www.instagram.com\/explore\/tags\/cpqd\/\" target=\"_blank\" rel=\"noopener\" data-saferedirecturl=\"https:\/\/www.google.com\/url?q=https:\/\/www.instagram.com\/explore\/tags\/cpqd\/&amp;source=gmail&amp;ust=1682776433853000&amp;usg=AOvVaw0rDg9zObm3RcK30VfJk5eJ\">#CPQD<\/a>\u00a0<a role=\"link\" href=\"https:\/\/www.instagram.com\/explore\/tags\/tecnologia\/\" target=\"_blank\" rel=\"noopener\" data-saferedirecturl=\"https:\/\/www.google.com\/url?q=https:\/\/www.instagram.com\/explore\/tags\/tecnologia\/&amp;source=gmail&amp;ust=1682776433853000&amp;usg=AOvVaw2HlubgMzoyLHG4bptnAiZ4\">#Tecnologia<\/a>\u00a0<a role=\"link\" href=\"https:\/\/www.instagram.com\/explore\/tags\/inova%C3%A7%C3%A3o\/\" target=\"_blank\" rel=\"noopener\" data-saferedirecturl=\"https:\/\/www.google.com\/url?q=https:\/\/www.instagram.com\/explore\/tags\/inova%25C3%25A7%25C3%25A3o\/&amp;source=gmail&amp;ust=1682776433853000&amp;usg=AOvVaw2tNAqTRgwo1NQK1yc8IciF\">#Inova\u00e7\u00e3o<\/a>\u00a0<a role=\"link\" href=\"https:\/\/www.instagram.com\/explore\/tags\/resid%C3%AAnciatecnol%C3%B3gica\/\" target=\"_blank\" rel=\"noopener\" data-saferedirecturl=\"https:\/\/www.google.com\/url?q=https:\/\/www.instagram.com\/explore\/tags\/resid%25C3%25AAnciatecnol%25C3%25B3gica\/&amp;source=gmail&amp;ust=1682776433853000&amp;usg=AOvVaw2-w9RZJb3KUzkRXbvnF2cj\">#<wbr \/>Resid\u00eanciaTecnol\u00f3gica<\/a>\u00a0<a role=\"link\" href=\"https:\/\/www.instagram.com\/explore\/tags\/capacita%C3%A7%C3%A3o\/\" target=\"_blank\" rel=\"noopener\" data-saferedirecturl=\"https:\/\/www.google.com\/url?q=https:\/\/www.instagram.com\/explore\/tags\/capacita%25C3%25A7%25C3%25A3o\/&amp;source=gmail&amp;ust=1682776433853000&amp;usg=AOvVaw3Vr_kfjkjfzmh5uz0oeBnz\">#<wbr \/>Capacita\u00e7\u00e3o<\/a>\u00a0<a role=\"link\" href=\"https:\/\/www.instagram.com\/explore\/tags\/treinamento\/\" target=\"_blank\" rel=\"noopener\" data-saferedirecturl=\"https:\/\/www.google.com\/url?q=https:\/\/www.instagram.com\/explore\/tags\/treinamento\/&amp;source=gmail&amp;ust=1682776433853000&amp;usg=AOvVaw10kHsN5ZHC35DY8wvjAnZE\">#Treinamento<\/a>\u00a0<a role=\"link\" href=\"https:\/\/www.instagram.com\/explore\/tags\/aprendizagem\/\" target=\"_blank\" rel=\"noopener\" data-saferedirecturl=\"https:\/\/www.google.com\/url?q=https:\/\/www.instagram.com\/explore\/tags\/aprendizagem\/&amp;source=gmail&amp;ust=1682776433853000&amp;usg=AOvVaw1FbgKBBdIPRdYleg2M3qOf\">#<wbr \/>Aprendizagem<\/a>\u00a0<a role=\"link\" href=\"https:\/\/www.instagram.com\/explore\/tags\/facens\/\" target=\"_blank\" rel=\"noopener\" data-saferedirecturl=\"https:\/\/www.google.com\/url?q=https:\/\/www.instagram.com\/explore\/tags\/facens\/&amp;source=gmail&amp;ust=1682776433853000&amp;usg=AOvVaw0aZRjAhDLsdzzxKQg_n1Sb\">#Facens<\/a>\u00a0<a role=\"link\" href=\"https:\/\/www.instagram.com\/explore\/tags\/softex\/\" target=\"_blank\" rel=\"noopener\" data-saferedirecturl=\"https:\/\/www.google.com\/url?q=https:\/\/www.instagram.com\/explore\/tags\/softex\/&amp;source=gmail&amp;ust=1682776433853000&amp;usg=AOvVaw1iKqCr7Z4O8lYzFSQkiZzc\">#Softex<\/a>\u00a0<a role=\"link\" href=\"https:\/\/www.instagram.com\/explore\/tags\/mcti\/\" target=\"_blank\" rel=\"noopener\" data-saferedirecturl=\"https:\/\/www.google.com\/url?q=https:\/\/www.instagram.com\/explore\/tags\/mcti\/&amp;source=gmail&amp;ust=1682776433853000&amp;usg=AOvVaw2sJfbeN7DBGpxaMtDg0SuJ\">#<wbr \/>MCTI<\/a>\u00a0<a role=\"link\" href=\"https:\/\/www.instagram.com\/explore\/tags\/seguran%C3%A7acibern%C3%A9tica\/\" target=\"_blank\" rel=\"noopener\" data-saferedirecturl=\"https:\/\/www.google.com\/url?q=https:\/\/www.instagram.com\/explore\/tags\/seguran%25C3%25A7acibern%25C3%25A9tica\/&amp;source=gmail&amp;ust=1682776433853000&amp;usg=AOvVaw2-rDgbcav_CNkE_mqaJsOE\">#Seguran\u00e7aCibern\u00e9tica<\/a>\u00a0<a role=\"link\" href=\"https:\/\/www.instagram.com\/explore\/tags\/oportunidade\/\" target=\"_blank\" rel=\"noopener\" data-saferedirecturl=\"https:\/\/www.google.com\/url?q=https:\/\/www.instagram.com\/explore\/tags\/oportunidade\/&amp;source=gmail&amp;ust=1682776433853000&amp;usg=AOvVaw32u0a9lZeLiZH7Ev5z51iN\">#<wbr \/>Oportunidade<\/a>\u00a0<a role=\"link\" href=\"https:\/\/www.instagram.com\/explore\/tags\/mercado\/\" target=\"_blank\" rel=\"noopener\" data-saferedirecturl=\"https:\/\/www.google.com\/url?q=https:\/\/www.instagram.com\/explore\/tags\/mercado\/&amp;source=gmail&amp;ust=1682776433853000&amp;usg=AOvVaw2sFE0Uj5m8z9ubT_nXGkxN\">#Mercado<\/a><\/div>\n<div><a role=\"link\" href=\"https:\/\/www.instagram.com\/explore\/tags\/pratodosverem\/\" target=\"_blank\" rel=\"noopener\" data-saferedirecturl=\"https:\/\/www.google.com\/url?q=https:\/\/www.instagram.com\/explore\/tags\/pratodosverem\/&amp;source=gmail&amp;ust=1682776433853000&amp;usg=AOvVaw2GYu3A_UAtT3ui2O4AX34i\">#PraTodosVerem<\/a><\/div>\n<\/div>\n<\/div>\n<div>\n<div><a role=\"link\" href=\"https:\/\/www.instagram.com\/explore\/tags\/pratodosverem\/\" target=\"_blank\" rel=\"noopener\" data-saferedirecturl=\"https:\/\/www.google.com\/url?q=https:\/\/www.instagram.com\/explore\/tags\/pratodosverem\/&amp;source=gmail&amp;ust=1682776433853000&amp;usg=AOvVaw2GYu3A_UAtT3ui2O4AX34i\"><span style=\"color: #000000;\">\u00a0<\/span><\/a><\/div>\n<p dir=\"ltr\"><span style=\"color: #000000; font-family: arial, sans-serif; font-size: large;\">Uma resid\u00eancia para quem tem paix\u00e3o por tecnologia! Participe do Programa de Capacita\u00e7\u00e3o com Resid\u00eancia Tecnol\u00f3gica em Seguran\u00e7a Cibern\u00e9tica. <\/span><\/p>\n<p dir=\"ltr\"><span style=\"color: #000000; font-family: arial, sans-serif; font-size: large;\">Inscri\u00e7\u00f5es: 18\/04 a 05\/05. Consulte o Regulamento no site da Universidade e fa\u00e7a a sua inscri\u00e7\u00e3o. <\/span><\/p>\n<p dir=\"ltr\"><span style=\"color: #000000; font-family: arial, sans-serif; font-size: large;\"><b>Capacita\u00e7\u00e3o totalmente gratuita.<\/b><\/span><\/p>\n<\/div>\n","protected":false},"excerpt":{"rendered":"<p>As inscri\u00e7\u00f5es j\u00e1 est\u00e3o abertas e v\u00e3o at\u00e9 dia 5 de maio.\u00a0 Com vagas limitadas e sem custo algum aos participantes, a iniciativa inovadora tem como objetivo capacitar estudantes e profissionais para o mercado. \u00a0 A primeira fase do treinamento ser\u00e1 realizada em parceria com a\u00a0@instafacens, que ser\u00e1 respons\u00e1vel pelas aulas e pela trilha de&hellip; <a class=\"more-link\" href=\"https:\/\/eesc.usp.br\/estagios-admin\/?p=3840\">Continuar lendo <span class=\"screen-reader-text\">O CPQD lan\u00e7a Resid\u00eancia Tecnol\u00f3gica em Seguran\u00e7a Cibern\u00e9tica<\/span><\/a><\/p>\n","protected":false},"author":8,"featured_media":0,"comment_status":"closed","ping_status":"closed","sticky":false,"template":"","format":"standard","meta":{"footnotes":""},"categories":[7],"tags":[],"class_list":["post-3840","post","type-post","status-publish","format-standard","hentry","category-vagas-de-estagios","entry"],"_links":{"self":[{"href":"https:\/\/eesc.usp.br\/estagios-admin\/index.php?rest_route=\/wp\/v2\/posts\/3840","targetHints":{"allow":["GET"]}}],"collection":[{"href":"https:\/\/eesc.usp.br\/estagios-admin\/index.php?rest_route=\/wp\/v2\/posts"}],"about":[{"href":"https:\/\/eesc.usp.br\/estagios-admin\/index.php?rest_route=\/wp\/v2\/types\/post"}],"author":[{"embeddable":true,"href":"https:\/\/eesc.usp.br\/estagios-admin\/index.php?rest_route=\/wp\/v2\/users\/8"}],"replies":[{"embeddable":true,"href":"https:\/\/eesc.usp.br\/estagios-admin\/index.php?rest_route=%2Fwp%2Fv2%2Fcomments&post=3840"}],"version-history":[{"count":1,"href":"https:\/\/eesc.usp.br\/estagios-admin\/index.php?rest_route=\/wp\/v2\/posts\/3840\/revisions"}],"predecessor-version":[{"id":3841,"href":"https:\/\/eesc.usp.br\/estagios-admin\/index.php?rest_route=\/wp\/v2\/posts\/3840\/revisions\/3841"}],"wp:attachment":[{"href":"https:\/\/eesc.usp.br\/estagios-admin\/index.php?rest_route=%2Fwp%2Fv2%2Fmedia&parent=3840"}],"wp:term":[{"taxonomy":"category","embeddable":true,"href":"https:\/\/eesc.usp.br\/estagios-admin\/index.php?rest_route=%2Fwp%2Fv2%2Fcategories&post=3840"},{"taxonomy":"post_tag","embeddable":true,"href":"https:\/\/eesc.usp.br\/estagios-admin\/index.php?rest_route=%2Fwp%2Fv2%2Ftags&post=3840"}],"curies":[{"name":"wp","href":"https:\/\/api.w.org\/{rel}","templated":true}]}}