{"id":5682,"date":"2023-12-13T10:00:08","date_gmt":"2023-12-13T13:00:08","guid":{"rendered":"https:\/\/www.eesc.usp.br\/estagios-admin\/?p=5682"},"modified":"2023-12-13T10:00:08","modified_gmt":"2023-12-13T13:00:08","slug":"programa-de-estagio-cielo-esta-com-inscricoes-abertas","status":"publish","type":"post","link":"https:\/\/eesc.usp.br\/estagios-admin\/?p=5682","title":{"rendered":"Programa de Est\u00e1gio Cielo est\u00e1 com inscri\u00e7\u00f5es abertas"},"content":{"rendered":"<p><strong>O Programa de Est\u00e1gio Cielo 2024 \u00e9 direcionado para:\u00a0<\/strong><\/p>\n<p><img decoding=\"async\" class=\"an1\" src=\"https:\/\/fonts.gstatic.com\/s\/e\/notoemoji\/15.0\/1f393\/32.png\" alt=\"\ud83c\udf93\" data-emoji=\"\ud83c\udf93\" aria-label=\"\ud83c\udf93\" \/>\u00a0Estudantes matriculados em curso superior e curso t\u00e9cnico\u00a0 (<strong>bacharelado, tecn\u00f3logo, licenciatura e t\u00e9cnico<\/strong>);\u00a0<\/p>\n<p><strong><img decoding=\"async\" class=\"an1\" src=\"https:\/\/fonts.gstatic.com\/s\/e\/notoemoji\/15.0\/1f4c6\/32.png\" alt=\"\ud83d\udcc6\" data-emoji=\"\ud83d\udcc6\" aria-label=\"\ud83d\udcc6\" \/><\/strong>\u00a0Com forma\u00e7\u00e3o prevista\u00a0<strong>entre Julho\/2025 a Dezembro\/2025<\/strong>;<\/p>\n<p><img decoding=\"async\" class=\"an1\" src=\"https:\/\/fonts.gstatic.com\/s\/e\/notoemoji\/15.0\/1f4cd\/32.png\" alt=\"\ud83d\udccd\" data-emoji=\"\ud83d\udccd\" aria-label=\"\ud83d\udccd\" \/>\u00a0Disponibilidade para estagiar em\u00a0<strong>Barueri\/SP.<\/strong><\/p>\n<p>As inscri\u00e7\u00f5es est\u00e3o abertas at\u00e9 o dia<strong>\u00a017\/01\/24<\/strong>\u00a0atrav\u00e9s do link:\u00a0<\/p>\n<p><em><strong><a href=\"https:\/\/t.rdsv1.net\/ls\/click?upn=a9Mx70MGdMsVuSq5J5dGadNaTXDxdwi3ENIilkJsnSPpN-2B1qCdb8BME3OMKRWZdSMYtOPLHv3oxo7Myk9CBtDx3J4rxxStqR9nDVHZ5TT-2BnZMYlx5iU8Y7XS9lOADFGXRF-2FX7AvLrdQPoXguxxuEGTVYgHSR-2Figs-2BQRQBB20ZV0-3DKbno_X-2F2gENptRqqvF8gnQQVEA0dgiSX-2BZ4z8C9u0Rn9dqN1cRRUMR9TheD0hI4OCB2p0rbvNeS6usjKeVUoEkpjUjhYtYhtLKQen-2Bk-2BJTN6jwQJwiAaJQEfYe-2FLvkFwdb0DDTotgO1DfrmBRcQbeMFiXfOqrSd9gZ7IAhZWiL33PO-2Bi5scHjMutXBJjgcVLk6525RoMnNuJBCj6awF561ZkvgmJg8jIF6cEQh9xEmeFlUUMmwWb2-2F-2FV28v7XASDGbs9jUQOdZHHNDZe9g156YU32gnjgaspuq7eDUP-2B61STf-2FnoPHXNV5IjCZOtHGHmOC3TfBgTYDkqNSCvO9Cr9DNvEipHuJ2CiJkyvNgh2-2BOqnhkITCOjj5w2IUQY-2FpQ31-2Fs-2BR2DozaEogurModa7JYIFJKEncT6jlNgoC0fb2hPk0Sf-2FlM-2BduFa4-2Bx26GO2bY1n-2Bye-2FifOQRXfBIMQPUe3vrFnBQKCNWGvj3Vv4xh8i86NKXkLzxsZE6rXVragrkkF2ROm-2Fg0d5RohECFctj8gdvj606FaO9nnT16jx22kUlCNRuZ5BsUsH4npXMoLaTPh6zO2iA-2FT229K3HEQkTS9eojY2w8KrL3-2Fu-2BrnYDnUumfqetA2XOFG15zaqejtILRe5KxV0QORjBddFk5gucdllANR7F-2F1gfuD0eUaxlfDnt8C8pgONjUPAzYhbntOvSzjZrS\" target=\"_blank\" rel=\"noopener\" data-saferedirecturl=\"https:\/\/www.google.com\/url?q=https:\/\/t.rdsv1.net\/ls\/click?upn%3Da9Mx70MGdMsVuSq5J5dGadNaTXDxdwi3ENIilkJsnSPpN-2B1qCdb8BME3OMKRWZdSMYtOPLHv3oxo7Myk9CBtDx3J4rxxStqR9nDVHZ5TT-2BnZMYlx5iU8Y7XS9lOADFGXRF-2FX7AvLrdQPoXguxxuEGTVYgHSR-2Figs-2BQRQBB20ZV0-3DKbno_X-2F2gENptRqqvF8gnQQVEA0dgiSX-2BZ4z8C9u0Rn9dqN1cRRUMR9TheD0hI4OCB2p0rbvNeS6usjKeVUoEkpjUjhYtYhtLKQen-2Bk-2BJTN6jwQJwiAaJQEfYe-2FLvkFwdb0DDTotgO1DfrmBRcQbeMFiXfOqrSd9gZ7IAhZWiL33PO-2Bi5scHjMutXBJjgcVLk6525RoMnNuJBCj6awF561ZkvgmJg8jIF6cEQh9xEmeFlUUMmwWb2-2F-2FV28v7XASDGbs9jUQOdZHHNDZe9g156YU32gnjgaspuq7eDUP-2B61STf-2FnoPHXNV5IjCZOtHGHmOC3TfBgTYDkqNSCvO9Cr9DNvEipHuJ2CiJkyvNgh2-2BOqnhkITCOjj5w2IUQY-2FpQ31-2Fs-2BR2DozaEogurModa7JYIFJKEncT6jlNgoC0fb2hPk0Sf-2FlM-2BduFa4-2Bx26GO2bY1n-2Bye-2FifOQRXfBIMQPUe3vrFnBQKCNWGvj3Vv4xh8i86NKXkLzxsZE6rXVragrkkF2ROm-2Fg0d5RohECFctj8gdvj606FaO9nnT16jx22kUlCNRuZ5BsUsH4npXMoLaTPh6zO2iA-2FT229K3HEQkTS9eojY2w8KrL3-2Fu-2BrnYDnUumfqetA2XOFG15zaqejtILRe5KxV0QORjBddFk5gucdllANR7F-2F1gfuD0eUaxlfDnt8C8pgONjUPAzYhbntOvSzjZrS&amp;source=gmail&amp;ust=1702480596435000&amp;usg=AOvVaw0dqOHsKDIlwvnyFtT6qepL\">https:\/\/bit.ly\/3NdFHNZ<\/a><\/strong><\/em><\/p>\n","protected":false},"excerpt":{"rendered":"<p>O Programa de Est\u00e1gio Cielo 2024 \u00e9 direcionado para:\u00a0 \u00a0Estudantes matriculados em curso superior e curso t\u00e9cnico\u00a0 (bacharelado, tecn\u00f3logo, licenciatura e t\u00e9cnico);\u00a0 \u00a0Com forma\u00e7\u00e3o prevista\u00a0entre Julho\/2025 a Dezembro\/2025; \u00a0Disponibilidade para estagiar em\u00a0Barueri\/SP. As inscri\u00e7\u00f5es est\u00e3o abertas at\u00e9 o dia\u00a017\/01\/24\u00a0atrav\u00e9s do link:\u00a0 https:\/\/bit.ly\/3NdFHNZ<\/p>\n","protected":false},"author":8,"featured_media":0,"comment_status":"closed","ping_status":"closed","sticky":false,"template":"","format":"standard","meta":{"footnotes":""},"categories":[7],"tags":[],"class_list":["post-5682","post","type-post","status-publish","format-standard","hentry","category-vagas-de-estagios","entry"],"_links":{"self":[{"href":"https:\/\/eesc.usp.br\/estagios-admin\/index.php?rest_route=\/wp\/v2\/posts\/5682","targetHints":{"allow":["GET"]}}],"collection":[{"href":"https:\/\/eesc.usp.br\/estagios-admin\/index.php?rest_route=\/wp\/v2\/posts"}],"about":[{"href":"https:\/\/eesc.usp.br\/estagios-admin\/index.php?rest_route=\/wp\/v2\/types\/post"}],"author":[{"embeddable":true,"href":"https:\/\/eesc.usp.br\/estagios-admin\/index.php?rest_route=\/wp\/v2\/users\/8"}],"replies":[{"embeddable":true,"href":"https:\/\/eesc.usp.br\/estagios-admin\/index.php?rest_route=%2Fwp%2Fv2%2Fcomments&post=5682"}],"version-history":[{"count":1,"href":"https:\/\/eesc.usp.br\/estagios-admin\/index.php?rest_route=\/wp\/v2\/posts\/5682\/revisions"}],"predecessor-version":[{"id":5689,"href":"https:\/\/eesc.usp.br\/estagios-admin\/index.php?rest_route=\/wp\/v2\/posts\/5682\/revisions\/5689"}],"wp:attachment":[{"href":"https:\/\/eesc.usp.br\/estagios-admin\/index.php?rest_route=%2Fwp%2Fv2%2Fmedia&parent=5682"}],"wp:term":[{"taxonomy":"category","embeddable":true,"href":"https:\/\/eesc.usp.br\/estagios-admin\/index.php?rest_route=%2Fwp%2Fv2%2Fcategories&post=5682"},{"taxonomy":"post_tag","embeddable":true,"href":"https:\/\/eesc.usp.br\/estagios-admin\/index.php?rest_route=%2Fwp%2Fv2%2Ftags&post=5682"}],"curies":[{"name":"wp","href":"https:\/\/api.w.org\/{rel}","templated":true}]}}