{"id":5691,"date":"2023-12-14T11:21:07","date_gmt":"2023-12-14T14:21:07","guid":{"rendered":"https:\/\/www.eesc.usp.br\/estagios-admin\/?p=5691"},"modified":"2023-12-14T11:21:07","modified_gmt":"2023-12-14T14:21:07","slug":"programa-de-estagio-iff-2024","status":"publish","type":"post","link":"https:\/\/eesc.usp.br\/estagios-admin\/?p=5691","title":{"rendered":"Programa de Est\u00e1gio IFF 2024"},"content":{"rendered":"<p><strong>O Programa de Est\u00e1gio IFF 2024\u00a0\u00e9 direcionado para:\u00a0<\/strong><\/p>\n<p><img decoding=\"async\" class=\"an1\" src=\"https:\/\/fonts.gstatic.com\/s\/e\/notoemoji\/15.0\/1f535\/32.png\" alt=\"\ud83d\udd35\" data-emoji=\"\ud83d\udd35\" aria-label=\"\ud83d\udd35\" \/>\u00a0Estudantes matriculados em curso superior (bacharelado, apenas) com previs\u00e3o de formatura entre julho\/2025 a julho\/2027;<\/p>\n<p><img decoding=\"async\" class=\"an1\" src=\"https:\/\/fonts.gstatic.com\/s\/e\/notoemoji\/15.0\/1f535\/32.png\" alt=\"\ud83d\udd35\" data-emoji=\"\ud83d\udd35\" aria-label=\"\ud83d\udd35\" \/>\u00a0Autodeclarados(as) pretos ou pardos;<\/p>\n<p><img decoding=\"async\" class=\"an1\" src=\"https:\/\/fonts.gstatic.com\/s\/e\/notoemoji\/15.0\/1f535\/32.png\" alt=\"\ud83d\udd35\" data-emoji=\"\ud83d\udd35\" aria-label=\"\ud83d\udd35\" \/>\u00a0Que deseja deixar sua marca no mundo.<\/p>\n<p>As inscri\u00e7\u00f5es est\u00e3o abertas at\u00e9 o dia<strong>\u00a025\/01\/24<\/strong>\u00a0atrav\u00e9s do link:\u00a0<\/p>\n<p><strong><em><a href=\"https:\/\/t.rdsv1.net\/ls\/click?upn=a9Mx70MGdMsVuSq5J5dGaRxEP-2BKoFRJk-2BKAz-2FKe8wEqFhNl06QtAU0cXoVLAM5MATgdRdO-2Fpc6DokEFXUmZutN3kLtT8WWAXVK09s39kkkMQFrFree6Wo56-2F18ExtpXMAgqCyDdCr6C5CyC4rXatcWkl0igA9bOa-2BjW0-2F04-2BpySoUdmF73-2BGj5PuDdMkgE7DAc0e_X-2F2gENptRqqvF8gnQQVEA0dgiSX-2BZ4z8C9u0Rn9dqN1cRRUMR9TheD0hI4OCB2p0rbvNeS6usjKeVUoEkpjUjhYtYhtLKQen-2Bk-2BJTN6jwQJwiAaJQEfYe-2FLvkFwdb0DDDWP61RL2pXDp-2F6dU5T3SqV5QAf-2BecmH2ceCm03iy7paoeDmg-2FmkXSw-2FQv643-2BmfipeGNNtH8yZoM8Lm9nxgJZGJHqS6SXXs1nEKLXEJWWFZM2FrLWGrRmqs1O7e2Cs-2BOLKvJLxiOgs-2FbJRX9c87-2FTl-2FZQMMoa5TBtmFkqnP7h6iGrNwTMOqpWF99Tka-2BzWv87EUdQ8huTqNkBUqH0Wjz-2B8-2FiGFm8m19j4g9kiRPJsgo0HIZaa9Pr2htFGgU9vEcb9-2BSqYiXLAD2jegVuMi-2FE2KE-2BfYJ2S4x96kP3pABbt1a2ic2imrOmeOBBdxZ3FsQMPbA2-2FVtq-2ByxPND3jr866k56LycC7PEkVwknwcVh6QERubkdtUiG0GVCmnoh8PKQOjaxEg7TuQcnZ9W2c9BJLiBh-2F0SFKn8-2FK03U9cCoq5uZAmMc4KOLU3wAWeADfYEOdbwLuYyOlZd-2BaDyPbioL5OcB6k3nQOrlqtoFpI5arBXng5uHPqSXJwN2Bf8ljiiqtnopXq8Kwg4AwnaoGjAPR0n2IL2hfn0YXtX626I8AlG1b4eDaRfBwVzI42PDxiiQd\" target=\"_blank\" rel=\"noopener\" data-saferedirecturl=\"https:\/\/www.google.com\/url?q=https:\/\/t.rdsv1.net\/ls\/click?upn%3Da9Mx70MGdMsVuSq5J5dGaRxEP-2BKoFRJk-2BKAz-2FKe8wEqFhNl06QtAU0cXoVLAM5MATgdRdO-2Fpc6DokEFXUmZutN3kLtT8WWAXVK09s39kkkMQFrFree6Wo56-2F18ExtpXMAgqCyDdCr6C5CyC4rXatcWkl0igA9bOa-2BjW0-2F04-2BpySoUdmF73-2BGj5PuDdMkgE7DAc0e_X-2F2gENptRqqvF8gnQQVEA0dgiSX-2BZ4z8C9u0Rn9dqN1cRRUMR9TheD0hI4OCB2p0rbvNeS6usjKeVUoEkpjUjhYtYhtLKQen-2Bk-2BJTN6jwQJwiAaJQEfYe-2FLvkFwdb0DDDWP61RL2pXDp-2F6dU5T3SqV5QAf-2BecmH2ceCm03iy7paoeDmg-2FmkXSw-2FQv643-2BmfipeGNNtH8yZoM8Lm9nxgJZGJHqS6SXXs1nEKLXEJWWFZM2FrLWGrRmqs1O7e2Cs-2BOLKvJLxiOgs-2FbJRX9c87-2FTl-2FZQMMoa5TBtmFkqnP7h6iGrNwTMOqpWF99Tka-2BzWv87EUdQ8huTqNkBUqH0Wjz-2B8-2FiGFm8m19j4g9kiRPJsgo0HIZaa9Pr2htFGgU9vEcb9-2BSqYiXLAD2jegVuMi-2FE2KE-2BfYJ2S4x96kP3pABbt1a2ic2imrOmeOBBdxZ3FsQMPbA2-2FVtq-2ByxPND3jr866k56LycC7PEkVwknwcVh6QERubkdtUiG0GVCmnoh8PKQOjaxEg7TuQcnZ9W2c9BJLiBh-2F0SFKn8-2FK03U9cCoq5uZAmMc4KOLU3wAWeADfYEOdbwLuYyOlZd-2BaDyPbioL5OcB6k3nQOrlqtoFpI5arBXng5uHPqSXJwN2Bf8ljiiqtnopXq8Kwg4AwnaoGjAPR0n2IL2hfn0YXtX626I8AlG1b4eDaRfBwVzI42PDxiiQd&amp;source=gmail&amp;ust=1702641222615000&amp;usg=AOvVaw0RjsQosUS0qzRfiQzbYnsN\">https:\/\/bit.ly\/3TkkHsI<\/a><\/em><\/strong><\/p>\n","protected":false},"excerpt":{"rendered":"<p>O Programa de Est\u00e1gio IFF 2024\u00a0\u00e9 direcionado para:\u00a0 \u00a0Estudantes matriculados em curso superior (bacharelado, apenas) com previs\u00e3o de formatura entre julho\/2025 a julho\/2027; \u00a0Autodeclarados(as) pretos ou pardos; \u00a0Que deseja deixar sua marca no mundo. As inscri\u00e7\u00f5es est\u00e3o abertas at\u00e9 o dia\u00a025\/01\/24\u00a0atrav\u00e9s do link:\u00a0 https:\/\/bit.ly\/3TkkHsI<\/p>\n","protected":false},"author":8,"featured_media":0,"comment_status":"closed","ping_status":"closed","sticky":false,"template":"","format":"standard","meta":{"footnotes":""},"categories":[7],"tags":[],"class_list":["post-5691","post","type-post","status-publish","format-standard","hentry","category-vagas-de-estagios","entry"],"_links":{"self":[{"href":"https:\/\/eesc.usp.br\/estagios-admin\/index.php?rest_route=\/wp\/v2\/posts\/5691","targetHints":{"allow":["GET"]}}],"collection":[{"href":"https:\/\/eesc.usp.br\/estagios-admin\/index.php?rest_route=\/wp\/v2\/posts"}],"about":[{"href":"https:\/\/eesc.usp.br\/estagios-admin\/index.php?rest_route=\/wp\/v2\/types\/post"}],"author":[{"embeddable":true,"href":"https:\/\/eesc.usp.br\/estagios-admin\/index.php?rest_route=\/wp\/v2\/users\/8"}],"replies":[{"embeddable":true,"href":"https:\/\/eesc.usp.br\/estagios-admin\/index.php?rest_route=%2Fwp%2Fv2%2Fcomments&post=5691"}],"version-history":[{"count":1,"href":"https:\/\/eesc.usp.br\/estagios-admin\/index.php?rest_route=\/wp\/v2\/posts\/5691\/revisions"}],"predecessor-version":[{"id":5692,"href":"https:\/\/eesc.usp.br\/estagios-admin\/index.php?rest_route=\/wp\/v2\/posts\/5691\/revisions\/5692"}],"wp:attachment":[{"href":"https:\/\/eesc.usp.br\/estagios-admin\/index.php?rest_route=%2Fwp%2Fv2%2Fmedia&parent=5691"}],"wp:term":[{"taxonomy":"category","embeddable":true,"href":"https:\/\/eesc.usp.br\/estagios-admin\/index.php?rest_route=%2Fwp%2Fv2%2Fcategories&post=5691"},{"taxonomy":"post_tag","embeddable":true,"href":"https:\/\/eesc.usp.br\/estagios-admin\/index.php?rest_route=%2Fwp%2Fv2%2Ftags&post=5691"}],"curies":[{"name":"wp","href":"https:\/\/api.w.org\/{rel}","templated":true}]}}