{"id":8039,"date":"2024-10-16T13:29:10","date_gmt":"2024-10-16T16:29:10","guid":{"rendered":"https:\/\/www.eesc.usp.br\/estagios-admin\/?p=8039"},"modified":"2024-10-16T13:29:10","modified_gmt":"2024-10-16T16:29:10","slug":"programa-trainee-bracell-2025","status":"publish","type":"post","link":"https:\/\/eesc.usp.br\/estagios-admin\/?p=8039","title":{"rendered":"Programa Trainee Bracell 2025"},"content":{"rendered":"<p style=\"text-align: justify;\"><span style=\"font-family: 'times new roman', times, serif;\">A Bracell, uma das maiores produtoras de celulose sol\u00favel e especial do mundo, est\u00e1 com vagas abertas para o <strong>Programa de Treinee 2025<\/strong>. As vagas est\u00e3o dispon\u00edveis para as unidades da Bracell em S\u00e3o Paulo (Len\u00e7\u00f3is Paulista, Santos e S\u00e3o Paulo), Bahia (Cama\u00e7ari, Feira de Santana e Alagoinhas) e Mato Grosso do Sul (\u00c1gua Clara e Bataguassu).<\/span><\/p>\n<p style=\"text-align: justify;\"><span style=\"font-family: 'times new roman', times, serif;\"><strong>Fa\u00e7a parte dessa turma incr\u00edvel e talentosa!<\/strong><\/span><\/p>\n<p style=\"text-align: justify;\"><span style=\"font-family: 'times new roman', times, serif;\"><strong>Pr\u00e9-Requisitos:<\/strong><\/span><\/p>\n<ul style=\"text-align: justify;\">\n<li><span style=\"font-family: 'times new roman', times, serif;\">Ensino superior conclu\u00eddo entre dezembro\/2022 e dezembro\/2024.<\/span><\/li>\n<li><span style=\"font-family: 'times new roman', times, serif;\">Ter disponibilidade para trabalhar de 40 a 44 horas semanais, em regime 100% presencial.<\/span><\/li>\n<li><span style=\"font-family: 'times new roman', times, serif;\">Gradua\u00e7\u00e3o bacharelado ou licenciatura.<\/span><\/li>\n<li><span style=\"font-family: 'times new roman', times, serif;\">Ingl\u00eas avan\u00e7ado (desej\u00e1vel).<\/span><\/li>\n<li><span style=\"font-family: 'times new roman', times, serif;\">Disposi\u00e7\u00e3o para conhecer novas culturas e novos modelos de trabalho.<\/span><\/li>\n<li><span style=\"font-family: 'times new roman', times, serif;\">Disponibilidade e interesse de mudan\u00e7a para ser alocado(a) em qualquer uma das localidades Bracell (Len\u00e7\u00f3is Paulista\/SP, Santos\/SP, S\u00e3o Paulo\/SP; \u00c1gua Clara\/MS, Bataguassu\/MS, Cama\u00e7ari\/BA, Feira de Santana\/BA).<\/span><\/li>\n<\/ul>\n<p style=\"text-align: justify;\"><span style=\"font-family: 'times new roman', times, serif;\"><strong>Benef\u00edcios:<\/strong><\/span><\/p>\n<p style=\"text-align: justify;\"><span style=\"font-family: 'times new roman', times, serif;\">Sal\u00e1rio R$7.500,00.<\/span><br \/>\n<span style=\"font-family: 'times new roman', times, serif;\">Programa de Participa\u00e7\u00e3o nos Resultados (PPR).<\/span><br \/>\n<span style=\"font-family: 'times new roman', times, serif;\">Plano de sa\u00fade e odontol\u00f3gico.<\/span><br \/>\n<span style=\"font-family: 'times new roman', times, serif;\">Conv\u00eanio Farm\u00e1cia.<\/span><br \/>\n<span style=\"font-family: 'times new roman', times, serif;\">Seguro de vida.<\/span><br \/>\n<span style=\"font-family: 'times new roman', times, serif;\">Auxilio Creche para mulher.<\/span><br \/>\n<span style=\"font-family: 'times new roman', times, serif;\">Plano de Previd\u00eancia Privada.<\/span><br \/>\n<span style=\"font-family: 'times new roman', times, serif;\">Vale alimenta\u00e7\u00e3o.<\/span><br \/>\n<span style=\"font-family: 'times new roman', times, serif;\">Alimenta\u00e7\u00e3o no refeit\u00f3rio ou Vale refei\u00e7\u00e3o, a depender da localidade.<\/span><br \/>\n<span style=\"font-family: 'times new roman', times, serif;\">Transporte fretado ou Aux\u00edlio transporte, a depender da localidade.<\/span><br \/>\n<span style=\"font-family: 'times new roman', times, serif;\">Wellhub (Gympass).<\/span><\/p>\n<p style=\"text-align: justify;\"><span style=\"font-family: 'times new roman', times, serif;\"><b class=\"ng-binding ng-scope\">\u00a0Inscri\u00e7\u00f5es at\u00e9 28\/10\/2024\u00a0<\/b><\/span><\/p>\n<p style=\"text-align: left;\"><span style=\"font-family: 'times new roman', times, serif;\"><strong>Inscreva-se:<\/strong><a href=\"https:\/\/vagas.ciadetalentos.com.br\/hotsite\/Traineebracell2025?utm_campaign=Bracell_CT_Trainee_2024-2_Universidades_E-mail__03102024&amp;utm_content=Globe+%7C+Programa+Trainee+Bracell+2025&amp;utm_id=Bracell_CT_Trainee_2024-2_Universidades_E-mail__03102024&amp;utm_medium=e-mail&amp;utm_source=Universidades&amp;utm_term=Bracell+Trainee+IES+2025\"> https:\/\/vagas.ciadetalentos.com.br\/hotsite\/Traineebracell2025?utm_campaign=Bracell_CT_Trainee_2024-2_Universidades_E-mail__03102024&amp;utm_content=Globe+%7C+Programa+Trainee+Bracell+2025&amp;utm_id=Bracell_CT_Trainee_2024-2_Universidades_E-mail__03102024&amp;utm_medium=e-mail&amp;utm_source=Universidades&amp;utm_term=Bracell+Trainee+IES+2025<\/a><\/span><\/p>\n<p style=\"text-align: justify;\"><a href=\"https:\/\/vagas.ciadetalentos.com.br\/hotsite\/Traineebracell2025?utm_campaign=Bracell_CT_Trainee_2024-2_Universidades_E-mail__03102024&amp;utm_content=Globe+%7C+Programa+Trainee+Bracell+2025&amp;utm_id=Bracell_CT_Trainee_2024-2_Universidades_E-mail__03102024&amp;utm_medium=e-mail&amp;utm_source=Universidades&amp;utm_term=Bracell+Trainee+IES+2025\"><img decoding=\"async\" src=\"https:\/\/s3.amazonaws.com\/atsprd\/ats\/202409201155370339-oportunidade-1140x3661.jpg\" alt=\"Banner em azul onde se l\u00ea &quot;Bracell Trainee 2025. Vagas para as opera\u00e7\u00f5es da Bracell na Bahia S\u00e3o Paulo e Mato Grosso do Sul. Inscri\u00e7\u00f5es at\u00e9 28\/10&quot;. Ao lado, uma mulher de \u00f3culos sorrindo.\" \/><\/a><\/p>\n","protected":false},"excerpt":{"rendered":"<p>A Bracell, uma das maiores produtoras de celulose sol\u00favel e especial do mundo, est\u00e1 com vagas abertas para o Programa de Treinee 2025. As vagas est\u00e3o dispon\u00edveis para as unidades da Bracell em S\u00e3o Paulo (Len\u00e7\u00f3is Paulista, Santos e S\u00e3o Paulo), Bahia (Cama\u00e7ari, Feira de Santana e Alagoinhas) e Mato Grosso do Sul (\u00c1gua Clara&hellip; <a class=\"more-link\" href=\"https:\/\/eesc.usp.br\/estagios-admin\/?p=8039\">Continuar lendo <span class=\"screen-reader-text\">Programa Trainee Bracell 2025<\/span><\/a><\/p>\n","protected":false},"author":9,"featured_media":0,"comment_status":"closed","ping_status":"closed","sticky":false,"template":"","format":"standard","meta":{"footnotes":""},"categories":[7],"tags":[],"class_list":["post-8039","post","type-post","status-publish","format-standard","hentry","category-vagas-de-estagios","entry"],"_links":{"self":[{"href":"https:\/\/eesc.usp.br\/estagios-admin\/index.php?rest_route=\/wp\/v2\/posts\/8039","targetHints":{"allow":["GET"]}}],"collection":[{"href":"https:\/\/eesc.usp.br\/estagios-admin\/index.php?rest_route=\/wp\/v2\/posts"}],"about":[{"href":"https:\/\/eesc.usp.br\/estagios-admin\/index.php?rest_route=\/wp\/v2\/types\/post"}],"author":[{"embeddable":true,"href":"https:\/\/eesc.usp.br\/estagios-admin\/index.php?rest_route=\/wp\/v2\/users\/9"}],"replies":[{"embeddable":true,"href":"https:\/\/eesc.usp.br\/estagios-admin\/index.php?rest_route=%2Fwp%2Fv2%2Fcomments&post=8039"}],"version-history":[{"count":1,"href":"https:\/\/eesc.usp.br\/estagios-admin\/index.php?rest_route=\/wp\/v2\/posts\/8039\/revisions"}],"predecessor-version":[{"id":8040,"href":"https:\/\/eesc.usp.br\/estagios-admin\/index.php?rest_route=\/wp\/v2\/posts\/8039\/revisions\/8040"}],"wp:attachment":[{"href":"https:\/\/eesc.usp.br\/estagios-admin\/index.php?rest_route=%2Fwp%2Fv2%2Fmedia&parent=8039"}],"wp:term":[{"taxonomy":"category","embeddable":true,"href":"https:\/\/eesc.usp.br\/estagios-admin\/index.php?rest_route=%2Fwp%2Fv2%2Fcategories&post=8039"},{"taxonomy":"post_tag","embeddable":true,"href":"https:\/\/eesc.usp.br\/estagios-admin\/index.php?rest_route=%2Fwp%2Fv2%2Ftags&post=8039"}],"curies":[{"name":"wp","href":"https:\/\/api.w.org\/{rel}","templated":true}]}}