{"id":8143,"date":"2024-10-22T13:33:06","date_gmt":"2024-10-22T16:33:06","guid":{"rendered":"https:\/\/www.eesc.usp.br\/estagios-admin\/?p=8143"},"modified":"2024-10-22T13:33:06","modified_gmt":"2024-10-22T16:33:06","slug":"fai-prorroga-prazo-de-inscricao-em-selecao-de-bolsistas-pela-embrapa-instrumentacao","status":"publish","type":"post","link":"https:\/\/eesc.usp.br\/estagios-admin\/?p=8143","title":{"rendered":"FAI prorroga prazo de inscri\u00e7\u00e3o em sele\u00e7\u00e3o de bolsistas pela Embrapa Instrumenta\u00e7\u00e3o"},"content":{"rendered":"<p style=\"text-align: justify;\"><span style=\"font-family: 'times new roman', times, serif;\">A Funda\u00e7\u00e3o de Apoio Institucional ao Desenvolvimento Cient\u00edfico e Tecnol\u00f3gico (FAI) da Universidade Federal de S\u00e3o Carlos (UFSCar) divulgou mudan\u00e7as no cronograma do processo seletivo da sele\u00e7\u00e3o de bolsistas para atuar em projeto coordenado pela unidade Embrapa Instrumenta\u00e7\u00e3o em S\u00e3o Carlos (SP). O per\u00edodo de inscri\u00e7\u00f5es, com envio de curr\u00edculo e documentos, foi prorrogado at\u00e9 o dia 29 de outubro. Tamb\u00e9m houve mudan\u00e7as nos requisitos para participar: \u00e9 preciso ser graduado em F\u00edsica, F\u00edsico Matem\u00e1tico, Engenheiro F\u00edsico e Engenheiro Eletricista, com doutorado na \u00e1rea de Fot\u00f4nica. As inscri\u00e7\u00f5es podem ser feitas por meio deste formul\u00e1rio eletr\u00f4nico.<\/span><\/p>\n<p style=\"text-align: justify;\"><span style=\"font-family: 'times new roman', times, serif;\"><a href=\"https:\/\/www.saci.ufscar.br\/data\/solicitacao\/55288_errata_16_10.pdf\">CONFIRA O NOVO CRONOGRAMA<\/a><\/span><\/p>\n<p style=\"text-align: justify;\"><span style=\"font-family: 'times new roman', times, serif;\">O candidato selecionado ir\u00e1 atuar no projeto \u201cDesenvolvimento de uma prova de conceito de campo para diagn\u00f3stico precoce de doen\u00e7as com t\u00e9cnicas fot\u00f4nicas\u201d, para isso, al\u00e9m do doutorado na \u00e1rea de Fot\u00f4nica, deve possuir experi\u00eancia profissional m\u00ednima comprovada de cinco anos em atividades de pesquisa, desenvolvimento ou inova\u00e7\u00e3o para atuar no desenvolvimento de instrumenta\u00e7\u00e3o de setup \u00f3ptico e sistema eletr\u00f4nico para imagens de fluoresc\u00eancia.<\/span><br \/>\n<span style=\"font-family: 'times new roman', times, serif;\">Sob orienta\u00e7\u00e3o do coordenador, ser\u00e3o atribui\u00e7\u00f5es do bolsista: participar do projeto de desenvolvimento do prot\u00f3tipo para obten\u00e7\u00e3o de imagens de fluoresc\u00eancia (sistema \u00f3ptico, mec\u00e2nico e eletr\u00f4nico); auxiliar no desenho \u00f3ptico do sistema, sele\u00e7\u00e3o componentes e processo de automa\u00e7\u00e3o do prot\u00f3tipo para obten\u00e7\u00e3o de imagens de fluoresc\u00eancia; realizar testes do prot\u00f3tipo em laborat\u00f3rio e construir interface para opera\u00e7\u00e3o do sistema; realizar os testes do prot\u00f3tipo em casa de vegeta\u00e7\u00e3o e ajudar no desenvolvimento da plataforma para embarcar o prot\u00f3tipo; entre outras atividades expressas no edital.\u00a0<\/span><br \/>\n<span style=\"font-family: 'times new roman', times, serif;\">As atividades ser\u00e3o desenvolvidas na sede da Embrapa Instrumenta\u00e7\u00e3o, em S\u00e3o Carlos, com dedica\u00e7\u00e3o de 40 horas semanais. Com vig\u00eancia de 14 meses, a bolsa ter\u00e1 o valor mensal de R$ 7.800,00.<\/span><br \/>\n<span style=\"font-family: 'times new roman', times, serif;\">O resultado dos inscritos habilitados para a fase de entrevista ser\u00e1 divulgado no dia 01 de novembro no site da Funda\u00e7\u00e3o de Apoio Institucional ao Desenvolvimento Cient\u00edfico e Tecnol\u00f3gico (FAI) da UFSCar \u2013 respons\u00e1vel pelo processo seletivo \u2013 em\u00a0<a href=\"https:\/\/sistemas.fai.ufscar.br\/home\/\">www.fai.ufscar.br.<\/a><\/span><\/p>\n<p><a href=\"https:\/\/sistemas.fai.ufscar.br\/home\/noticia\/2783\/fai-prorroga-prazo-de-inscricao-em-selecao-de\"><img decoding=\"async\" src=\"https:\/\/sistemas.fai.ufscar.br\/Content\/imagens\/site-fai.png\" \/><\/a><\/p>\n","protected":false},"excerpt":{"rendered":"<p>A Funda\u00e7\u00e3o de Apoio Institucional ao Desenvolvimento Cient\u00edfico e Tecnol\u00f3gico (FAI) da Universidade Federal de S\u00e3o Carlos (UFSCar) divulgou mudan\u00e7as no cronograma do processo seletivo da sele\u00e7\u00e3o de bolsistas para atuar em projeto coordenado pela unidade Embrapa Instrumenta\u00e7\u00e3o em S\u00e3o Carlos (SP). O per\u00edodo de inscri\u00e7\u00f5es, com envio de curr\u00edculo e documentos, foi prorrogado at\u00e9&hellip; <a class=\"more-link\" href=\"https:\/\/eesc.usp.br\/estagios-admin\/?p=8143\">Continuar lendo <span class=\"screen-reader-text\">FAI prorroga prazo de inscri\u00e7\u00e3o em sele\u00e7\u00e3o de bolsistas pela Embrapa Instrumenta\u00e7\u00e3o<\/span><\/a><\/p>\n","protected":false},"author":9,"featured_media":0,"comment_status":"closed","ping_status":"closed","sticky":false,"template":"","format":"standard","meta":{"footnotes":""},"categories":[7],"tags":[],"class_list":["post-8143","post","type-post","status-publish","format-standard","hentry","category-vagas-de-estagios","entry"],"_links":{"self":[{"href":"https:\/\/eesc.usp.br\/estagios-admin\/index.php?rest_route=\/wp\/v2\/posts\/8143","targetHints":{"allow":["GET"]}}],"collection":[{"href":"https:\/\/eesc.usp.br\/estagios-admin\/index.php?rest_route=\/wp\/v2\/posts"}],"about":[{"href":"https:\/\/eesc.usp.br\/estagios-admin\/index.php?rest_route=\/wp\/v2\/types\/post"}],"author":[{"embeddable":true,"href":"https:\/\/eesc.usp.br\/estagios-admin\/index.php?rest_route=\/wp\/v2\/users\/9"}],"replies":[{"embeddable":true,"href":"https:\/\/eesc.usp.br\/estagios-admin\/index.php?rest_route=%2Fwp%2Fv2%2Fcomments&post=8143"}],"version-history":[{"count":1,"href":"https:\/\/eesc.usp.br\/estagios-admin\/index.php?rest_route=\/wp\/v2\/posts\/8143\/revisions"}],"predecessor-version":[{"id":8144,"href":"https:\/\/eesc.usp.br\/estagios-admin\/index.php?rest_route=\/wp\/v2\/posts\/8143\/revisions\/8144"}],"wp:attachment":[{"href":"https:\/\/eesc.usp.br\/estagios-admin\/index.php?rest_route=%2Fwp%2Fv2%2Fmedia&parent=8143"}],"wp:term":[{"taxonomy":"category","embeddable":true,"href":"https:\/\/eesc.usp.br\/estagios-admin\/index.php?rest_route=%2Fwp%2Fv2%2Fcategories&post=8143"},{"taxonomy":"post_tag","embeddable":true,"href":"https:\/\/eesc.usp.br\/estagios-admin\/index.php?rest_route=%2Fwp%2Fv2%2Ftags&post=8143"}],"curies":[{"name":"wp","href":"https:\/\/api.w.org\/{rel}","templated":true}]}}