{"id":8804,"date":"2025-02-06T15:21:57","date_gmt":"2025-02-06T18:21:57","guid":{"rendered":"https:\/\/eesc.usp.br\/estagios-admin\/?p=8804"},"modified":"2025-02-06T15:21:57","modified_gmt":"2025-02-06T18:21:57","slug":"gerente-de-computacao-com-otimizacao-matematica-361995","status":"publish","type":"post","link":"https:\/\/eesc.usp.br\/estagios-admin\/?p=8804","title":{"rendered":"Gerente de Computa\u00e7\u00e3o com Otimiza\u00e7\u00e3o Matem\u00e1tica (361995)"},"content":{"rendered":"<p style=\"text-align: justify;\"><span style=\"font-family: 'times new roman', times, serif;\"><strong>Para atuar no Grupo Computa\u00e7\u00e3o com Otimiza\u00e7\u00e3o Matem\u00e1tica \u2013 COM do Centro Nacional de Pesquisa em Energia e Materiais (CNPEM)<\/strong><\/span><\/p>\n<p style=\"text-align: justify;\"><span style=\"font-family: 'times new roman', times, serif;\">Reafirmamos nosso compromisso com a diversidade, equidade e inclus\u00e3o, incentivando a candidatura de pessoas com defici\u00eancia, neurodivergentes, mulheres, LGBTI+, de diversas etnias, gera\u00e7\u00f5es e corpos, al\u00e9m de outros grupos socialmente marginalizados.<\/span><\/p>\n<p style=\"text-align: justify;\"><span style=\"font-family: 'times new roman', times, serif;\"><strong>Atividades:<\/strong><\/span><\/p>\n<ul style=\"text-align: justify;\">\n<li><span style=\"font-family: 'times new roman', times, serif;\">Liderar equipes multifuncionais de desenvolvimento, assegurando que todos os membros entendam suas responsabilidades e prazos;<\/span><\/li>\n<li><span style=\"font-family: 'times new roman', times, serif;\">Acompanhar o progresso dos projetos, garantindo que estejam no caminho certo e alinhados com o que foi planejado;<\/span><\/li>\n<li><span style=\"font-family: 'times new roman', times, serif;\">Manter uma comunica\u00e7\u00e3o regular e transparente com todas as partes interessadas, atualizando sobre o status do projeto e mudan\u00e7as;<\/span><\/li>\n<li><span style=\"font-family: 'times new roman', times, serif;\">Apoiar o desenvolvimento da carreira, identificando oportunidades e melhorias, mantendo o time motivado.<\/span><\/li>\n<\/ul>\n<p style=\"text-align: justify;\"><span style=\"font-family: 'times new roman', times, serif;\"><strong>Requisitos:<\/strong><\/span><\/p>\n<ul style=\"text-align: justify;\">\n<li><span style=\"font-family: 'times new roman', times, serif;\">Gradua\u00e7\u00e3o completa em Ci\u00eancia da Computa\u00e7\u00e3o, Matem\u00e1tica Aplicada, Engenharia da Computa\u00e7\u00e3o ou \u00e1reas relacionadas;<\/span><\/li>\n<li><span style=\"font-family: 'times new roman', times, serif;\">Experi\u00eancia na \u00e1rea e com gest\u00e3o de equipe;<\/span><\/li>\n<li><span style=\"font-family: 'times new roman', times, serif;\">gerenciamento de projetos;<\/span><\/li>\n<li><span style=\"font-family: 'times new roman', times, serif;\">Disponibilidade para atua\u00e7\u00e3o presencial em Campinas \u2013 SP.<\/span><\/li>\n<\/ul>\n<p style=\"text-align: justify;\"><span style=\"font-family: 'times new roman', times, serif;\"><strong>Diferenciais:<\/strong><\/span><\/p>\n<ul style=\"text-align: justify;\">\n<li><span style=\"font-family: 'times new roman', times, serif;\">Processamento e reconstitui\u00e7\u00e3o de imagem;<\/span><\/li>\n<li><span style=\"font-family: 'times new roman', times, serif;\">Programa\u00e7\u00e3o Paralela\/HPC;<\/span><\/li>\n<li><span style=\"font-family: 'times new roman', times, serif;\">Otimiza\u00e7\u00e3o em c\u00f3digo C\/C++;<\/span><\/li>\n<li><span style=\"font-family: 'times new roman', times, serif;\">Programa\u00e7\u00e3o CUDA;<\/span><\/li>\n<li><span style=\"font-family: 'times new roman', times, serif;\">Programa\u00e7\u00e3o GPU com OpenACC;<\/span><\/li>\n<li><span style=\"font-family: 'times new roman', times, serif;\">T\u00e9cnicas de machine learning para an\u00e1lise e extra\u00e7\u00e3o de informa\u00e7\u00f5es relevantes de big data;<\/span><\/li>\n<li><span style=\"font-family: 'times new roman', times, serif;\">Ingl\u00eas Avan\u00e7ado.<\/span><\/li>\n<\/ul>\n<p style=\"text-align: justify;\"><span style=\"font-family: 'times new roman', times, serif;\"><strong>Benef\u00edcios:<\/strong><\/span><\/p>\n<ul>\n<li style=\"text-align: justify;\"><span style=\"font-family: 'times new roman', times, serif;\">Assist\u00eancia M\u00e9dica \u2013 Unimed;<\/span><\/li>\n<li style=\"text-align: justify;\"><span style=\"font-family: 'times new roman', times, serif;\">Assist\u00eancia Odontol\u00f3gica \u2013 Uniodonto;<\/span><\/li>\n<li style=\"text-align: justify;\"><span style=\"font-family: 'times new roman', times, serif;\">Seguro de Vida \u2013 Allianz;<\/span><\/li>\n<li style=\"text-align: justify;\"><span style=\"font-family: 'times new roman', times, serif;\">Previd\u00eancia Privada \u2013 BrasilPrev;<\/span><\/li>\n<li style=\"text-align: justify;\"><span style=\"font-family: 'times new roman', times, serif;\">Licen\u00e7a Maternidade (estendida 6 meses);<\/span><\/li>\n<li style=\"text-align: justify;\"><span style=\"font-family: 'times new roman', times, serif;\">Aux\u00edlio Creche;<\/span><\/li>\n<li style=\"text-align: justify;\"><span style=\"font-family: 'times new roman', times, serif;\">Restaurante no local;<\/span><\/li>\n<li style=\"text-align: justify;\"><span style=\"font-family: 'times new roman', times, serif;\">Vale Alimenta\u00e7\u00e3o \u2013 Sodexo (R$850,00\/m\u00eas);<\/span><\/li>\n<li style=\"text-align: justify;\"><span style=\"font-family: 'times new roman', times, serif;\">Fretado;<\/span><\/li>\n<li style=\"text-align: justify;\"><span style=\"font-family: 'times new roman', times, serif;\">Vale Transporte;<\/span><\/li>\n<li style=\"text-align: justify;\"><span style=\"font-family: 'times new roman', times, serif;\">Estacionamento no local;<\/span><\/li>\n<li style=\"text-align: justify;\"><span style=\"font-family: 'times new roman', times, serif;\">Clube \u2013 Telecamp;<\/span><\/li>\n<li style=\"text-align: justify;\"><span style=\"font-family: 'times new roman', times, serif;\">Clube \u2013 Associa\u00e7\u00e3o SESC gratuita;<\/span><\/li>\n<li style=\"text-align: justify;\"><span style=\"font-family: 'times new roman', times, serif;\">Gympass \u2013 desconto em academias<\/span><\/li>\n<li style=\"text-align: justify;\"><span style=\"font-family: 'times new roman', times, serif;\">Conv\u00eanios com empresas que oferecem descontos.<\/span><\/li>\n<\/ul>\n<p><span style=\"font-family: 'times new roman', times, serif;\"><strong>Acesse o site e se inscreva:<\/strong><\/span> <a href=\"https:\/\/pages.cnpem.br\/trabalheconosco\/2025\/02\/04\/gerente-de-computacao-com-otimizacao-matematica-361995\/\"><span style=\"font-family: 'times new roman', times, serif;\">https:\/\/pages.cnpem.br\/trabalheconosco\/2025\/02\/04\/gerente-de-computacao-com-otimizacao-matematica-361995\/<\/span><\/a><\/p>\n<p><img decoding=\"async\" src=\"https:\/\/pages.cnpem.br\/cienciaaberta\/wp-content\/uploads\/sites\/73\/2016\/05\/CNPEM.png\" alt=\"CNPEM \u2013 Ci\u00eancia Aberta no CNPEM\" \/><\/p>\n","protected":false},"excerpt":{"rendered":"<p>Para atuar no Grupo Computa\u00e7\u00e3o com Otimiza\u00e7\u00e3o Matem\u00e1tica \u2013 COM do Centro Nacional de Pesquisa em Energia e Materiais (CNPEM) Reafirmamos nosso compromisso com a diversidade, equidade e inclus\u00e3o, incentivando a candidatura de pessoas com defici\u00eancia, neurodivergentes, mulheres, LGBTI+, de diversas etnias, gera\u00e7\u00f5es e corpos, al\u00e9m de outros grupos socialmente marginalizados. Atividades: Liderar equipes multifuncionais&hellip; <a class=\"more-link\" href=\"https:\/\/eesc.usp.br\/estagios-admin\/?p=8804\">Continuar lendo <span class=\"screen-reader-text\">Gerente de Computa\u00e7\u00e3o com Otimiza\u00e7\u00e3o Matem\u00e1tica (361995)<\/span><\/a><\/p>\n","protected":false},"author":9,"featured_media":0,"comment_status":"closed","ping_status":"closed","sticky":false,"template":"","format":"standard","meta":{"footnotes":""},"categories":[7],"tags":[],"class_list":["post-8804","post","type-post","status-publish","format-standard","hentry","category-vagas-de-estagios","entry"],"_links":{"self":[{"href":"https:\/\/eesc.usp.br\/estagios-admin\/index.php?rest_route=\/wp\/v2\/posts\/8804","targetHints":{"allow":["GET"]}}],"collection":[{"href":"https:\/\/eesc.usp.br\/estagios-admin\/index.php?rest_route=\/wp\/v2\/posts"}],"about":[{"href":"https:\/\/eesc.usp.br\/estagios-admin\/index.php?rest_route=\/wp\/v2\/types\/post"}],"author":[{"embeddable":true,"href":"https:\/\/eesc.usp.br\/estagios-admin\/index.php?rest_route=\/wp\/v2\/users\/9"}],"replies":[{"embeddable":true,"href":"https:\/\/eesc.usp.br\/estagios-admin\/index.php?rest_route=%2Fwp%2Fv2%2Fcomments&post=8804"}],"version-history":[{"count":1,"href":"https:\/\/eesc.usp.br\/estagios-admin\/index.php?rest_route=\/wp\/v2\/posts\/8804\/revisions"}],"predecessor-version":[{"id":8805,"href":"https:\/\/eesc.usp.br\/estagios-admin\/index.php?rest_route=\/wp\/v2\/posts\/8804\/revisions\/8805"}],"wp:attachment":[{"href":"https:\/\/eesc.usp.br\/estagios-admin\/index.php?rest_route=%2Fwp%2Fv2%2Fmedia&parent=8804"}],"wp:term":[{"taxonomy":"category","embeddable":true,"href":"https:\/\/eesc.usp.br\/estagios-admin\/index.php?rest_route=%2Fwp%2Fv2%2Fcategories&post=8804"},{"taxonomy":"post_tag","embeddable":true,"href":"https:\/\/eesc.usp.br\/estagios-admin\/index.php?rest_route=%2Fwp%2Fv2%2Ftags&post=8804"}],"curies":[{"name":"wp","href":"https:\/\/api.w.org\/{rel}","templated":true}]}}