{"id":8885,"date":"2025-02-18T13:16:57","date_gmt":"2025-02-18T16:16:57","guid":{"rendered":"https:\/\/eesc.usp.br\/estagios-admin\/?p=8885"},"modified":"2025-02-18T13:16:57","modified_gmt":"2025-02-18T16:16:57","slug":"edital-para-a-selecao-de-estagiario-junto-a-biblioteca-do-iau","status":"publish","type":"post","link":"https:\/\/eesc.usp.br\/estagios-admin\/?p=8885","title":{"rendered":"Edital para a sele\u00e7\u00e3o de estagi\u00e1rio junto \u00e0 Biblioteca do IAU"},"content":{"rendered":"<p style=\"text-align: justify;\"><span style=\"font-family: 'times new roman', times, serif;\"><strong>Edital Biblioteca \/IAU\/USP no 01\/2025<\/strong><\/span><\/p>\n<p style=\"text-align: justify;\"><span style=\"font-family: 'times new roman', times, serif;\">Edital de Abertura de Inscri\u00e7\u00f5es para o Preenchimento de 01 (uma) vaga para a Fun\u00e7\u00e3o de Estagi\u00e1rio para o IAU-USP.<\/span><br \/>\n<span style=\"font-family: 'times new roman', times, serif;\">A Diretoria do Instituto de Arquitetura e Urbanismo (IAU) da USP torna p\u00fablica a abertura de processo seletivo para preenchimento de 01 (uma) vaga para a fun\u00e7\u00e3o de<\/span><br \/>\n<span style=\"font-family: 'times new roman', times, serif;\">estagi\u00e1rio junto a (ao) setor de Biblioteca do IAU-USP com a finalidade espec\u00edfica de complementar a forma\u00e7\u00e3o do estudante por meio de atividades pr\u00e1ticas, nos termos da Lei 11.788\/2008 e da Resolu\u00e7\u00e3o USP 5528 de 18\/03\/2009.<\/span><\/p>\n<p style=\"text-align: justify;\"><span style=\"font-family: 'times new roman', times, serif;\"><strong>1. DAS INSCRI\u00c7\u00d5ES<\/strong><\/span><\/p>\n<p style=\"text-align: justify;\"><strong><span style=\"font-family: 'times new roman', times, serif;\">1.1. As inscri\u00e7\u00f5es estar\u00e3o abertas no per\u00edodo de 14\/02\/2025 a 24\/02\/2025 sendo realizadas exclusivamente pelo formul\u00e1rio: <a href=\"https:\/\/acesse.one\/CFj9d\">https:\/\/acesse.one\/CFj9d.<\/a><\/span><\/strong><br \/>\n<span style=\"font-family: 'times new roman', times, serif;\">1.2 Podem se candidatar ao est\u00e1gio alunos de qualquer curso de gradua\u00e7\u00e3o da USP que tenham conclu\u00eddo pelo menos o segundo semestre e n\u00e3o estejam no \u00faltimo semestre do curso.<\/span><br \/>\n<span style=\"font-family: 'times new roman', times, serif;\">1.3. Para os cursos de gradua\u00e7\u00e3o existentes no Campus USP de S\u00e3o Carlos ser\u00e1 obedecido o disposto no Of\u00edcio Circular do Gabinete da Pr\u00f3-Reitoria de Gradua\u00e7\u00e3o 013\/2007 sendo, prioritariamente, convocados os alunos matriculados nestes cursos.<\/span><\/p>\n<p style=\"text-align: justify;\">\n<span style=\"font-family: 'times new roman', times, serif;\"><strong>2. DOS REQUISITOS<\/strong><\/span><br \/>\n<span style=\"font-family: 'times new roman', times, serif;\">2.1. Os candidatos devem ter conhecimento em inform\u00e1tica e l\u00edngua inglesa, al\u00e9m de n\u00edvel b\u00e1sico ou intermedi\u00e1rio em ferramentas de edi\u00e7\u00e3o de imagem (como Canva e<\/span><br \/>\n<span style=\"font-family: 'times new roman', times, serif;\">similares) e edi\u00e7\u00e3o de v\u00eddeo (como CapCut e similares). Tamb\u00e9m \u00e9 necess\u00e1rio possuir no\u00e7\u00e3o de pesquisa e familiaridade com ferramentas e plataformas acad\u00eamicas.<\/span><br \/>\n<span style=\"font-family: 'times new roman', times, serif;\">2.2. Ter habilidades para desenvolver as seguintes atividades: Cria\u00e7\u00e3o de Conte\u00fado para Redes Sociais:<\/span><br \/>\n<span style=\"font-family: 'times new roman', times, serif;\">&#8211; Desenvolver posts informativos, gr\u00e1ficos, v\u00eddeos e conte\u00fados visuais para redes sociais do Portal da Escrita Cient\u00edfica do Campus USP S\u00e3o Carlos e da Biblioteca do IAU.<\/span><br \/>\n<span style=\"font-family: 'times new roman', times, serif;\">&#8211; Manter as redes sociais atualizadas com eventos, cursos, materiais e ferramentas disponibilizadas.<\/span><br \/>\n<span style=\"font-family: 'times new roman', times, serif;\">&#8211; Interagir com o p\u00fablico por meio das redes sociais, respondendo a perguntas ou redirecionando demandas.<\/span><\/p>\n<p style=\"text-align: justify;\"><span style=\"font-family: 'times new roman', times, serif;\"><strong>Atualiza\u00e7\u00e3o do Site Institucional:<\/strong><\/span><\/p>\n<p style=\"text-align: justify;\"><span style=\"font-family: 'times new roman', times, serif;\">&#8211; Publicar e organizar materiais atualizados no site do Portal da Escrita Cient\u00edfica e da Biblioteca do IAU.<\/span><br \/>\n<span style=\"font-family: 'times new roman', times, serif;\">&#8211; Criar se\u00e7\u00f5es dedicadas para novos treinamentos, ferramentas, materiais ou tutoriais.<\/span><br \/>\n<span style=\"font-family: 'times new roman', times, serif;\">&#8211; Garantir a acessibilidade e clareza das informa\u00e7\u00f5es publicadas.<\/span><\/p>\n<p style=\"text-align: justify;\"><span style=\"font-family: 'times new roman', times, serif;\"><strong>Elabora\u00e7\u00e3o de Tutoriais e Materiais Did\u00e1ticos:<\/strong><\/span><\/p>\n<p style=\"text-align: justify;\"><span style=\"font-family: 'times new roman', times, serif;\">&#8211; Criar tutoriais (em formato de texto, v\u00eddeo ou apresenta\u00e7\u00f5es) sobre ferramentas, materiais bibliogr\u00e1ficos e Servi\u00e7os de apoio cient\u00edfico.<\/span><br \/>\n<span style=\"font-family: 'times new roman', times, serif;\">&#8211; Preparar materiais educativos para eventos do Portal da Escrita Cient\u00edfica e treinamentos realizados pela Biblioteca.<\/span><\/p>\n<p style=\"text-align: justify;\"><span style=\"font-family: 'times new roman', times, serif;\"><strong>Divulga\u00e7\u00e3o de Eventos e Cursos:<\/strong><\/span><\/p>\n<p style=\"text-align: justify;\"><span style=\"font-family: 'times new roman', times, serif;\">&#8211; Planejar e executar campanhas de divulga\u00e7\u00e3o para eventos como a Escola de Pesquisadores e cursos de escrita cient\u00edfica.<\/span><br \/>\n<span style=\"font-family: 'times new roman', times, serif;\">&#8211; Desenvolver e distribuir convites virtuais, banners e cronogramas dos eventos. Monitoramento e An\u00e1lise de Resultados:<\/span><br \/>\n<span style=\"font-family: 'times new roman', times, serif;\">&#8211; Acompanhar o engajamento nas redes sociais (curtidas, coment\u00e1rios, compartilhamentos) e relat\u00f3rios de tr\u00e1fego no site.<\/span><br \/>\n<span style=\"font-family: 'times new roman', times, serif;\">&#8211; Cria\u00e7\u00e3o de quizzes e enquetes para avalia\u00e7\u00e3o.<\/span><br \/>\n<span style=\"font-family: 'times new roman', times, serif;\">&#8211; Sugerir melhorias para ampliar o alcance e impacto das iniciativas de divulga\u00e7\u00e3o.<\/span><\/p>\n<p style=\"text-align: justify;\"><span style=\"font-family: 'times new roman', times, serif;\"><strong>Apoio Operacional \u00e0s Atividades do Portal da Escrita e da Biblioteca:<\/strong><\/span><\/p>\n<p style=\"text-align: justify;\"><span style=\"font-family: 'times new roman', times, serif;\">&#8211; Auxiliar na organiza\u00e7\u00e3o de eventos, cursos e treinamentos promovidos pelo Portal e outros da Biblioteca.<\/span><br \/>\n<span style=\"font-family: 'times new roman', times, serif;\">&#8211; Participar da elabora\u00e7\u00e3o de relat\u00f3rios de atividades e contribui\u00e7\u00f5es do Portal e da Biblioteca.<\/span><\/p>\n<p style=\"text-align: justify;\"><span style=\"font-family: 'times new roman', times, serif;\"><strong>Promo\u00e7\u00e3o de Novos Produtos e Servi\u00e7os:<\/strong><\/span><\/p>\n<p style=\"text-align: justify;\"><span style=\"font-family: 'times new roman', times, serif;\">&#8211; Apoiar o desenvolvimento e divulga\u00e7\u00e3o de novos servi\u00e7os e produtos oferecidos pela Biblioteca e pelo Portal.<\/span><br \/>\n<span style=\"font-family: 'times new roman', times, serif;\">&#8211; Criar campanhas que destaquem as novidades para a comunidade acad\u00eamica.<\/span><\/p>\n<p style=\"text-align: justify;\"><span style=\"font-family: 'times new roman', times, serif;\">Ter disponibilidade para eventualmente trabalhar em outros locais do Campus 1 ou 2 da USP S\u00e3o Carlos em dias de evento ou quando necess\u00e1rio para receber orienta\u00e7\u00f5es das Bibliotecas dos trabalhos a serem realizados.<\/span><\/p>\n<p style=\"text-align: justify;\"><span style=\"font-family: 'times new roman', times, serif;\"><strong>3. DA REMUNERA\u00c7\u00c3O<\/strong><\/span><\/p>\n<p style=\"text-align: justify;\"><span style=\"font-family: 'times new roman', times, serif;\">3.1 O estagi\u00e1rio selecionado ser\u00e1 remunerado mediante bolsa de complementa\u00e7\u00e3o educacional, cujo valor ser\u00e1 de R$941,00, al\u00e9m de aux\u00edlio transporte (quando trabalho for<\/span><br \/>\n<span style=\"font-family: 'times new roman', times, serif;\">presencial), em jornada de atividade em est\u00e1gio de 20 (vinte) horas semanais, sem v\u00ednculo empregat\u00edcio com o IAU-USP.<\/span><\/p>\n<p style=\"text-align: justify;\"><span style=\"font-family: 'times new roman', times, serif;\"><strong>4. DA DURA\u00c7\u00c3O DO EST\u00c1GIO<\/strong><\/span><\/p>\n<p style=\"text-align: justify;\"><span style=\"font-family: 'times new roman', times, serif;\">4.1. O est\u00e1gio ter\u00e1 a dura\u00e7\u00e3o prevista de 12 meses. As partes poder\u00e3o denunciar o fim do Termo de Compromisso a qualquer momento, mediante comunica\u00e7\u00e3o expressa<\/span><br \/>\n<span style=\"font-family: 'times new roman', times, serif;\">encaminhada com 30 (trinta) dias de anteced\u00eancia. A cola\u00e7\u00e3o de grau e outras formas de interrup\u00e7\u00e3o do curso de gradua\u00e7\u00e3o tamb\u00e9m implicar\u00e3o o fim do est\u00e1gio.<\/span><\/p>\n<p style=\"text-align: justify;\"><span style=\"font-family: 'times new roman', times, serif;\"><strong>5. DO PROCESSO SELETIVO<\/strong><\/span><\/p>\n<p style=\"text-align: justify;\"><span style=\"font-family: 'times new roman', times, serif;\">5.1. O processo seletivo ser\u00e1 composto das seguintes fases:<\/span><br \/>\n<span style=\"font-family: 'times new roman', times, serif;\">5.1.2. Envio de Curriculum vitae e hist\u00f3rico escolar;<\/span><br \/>\n<span style=\"font-family: 'times new roman', times, serif;\">5.1.3. Entrevista e avalia\u00e7\u00e3o de trabalhos elaborados pelos candidatos que possam demonstrar as habilidades e os conhecimentos exigidos no item 2 deste Edital (\u201cDOS REQUISITOS\u201d)<\/span><\/p>\n<p style=\"text-align: justify;\"><span style=\"font-family: 'times new roman', times, serif;\"><strong>6. DA CLASSIFICA\u00c7\u00c3O<\/strong><\/span><\/p>\n<p style=\"text-align: justify;\"><span style=\"font-family: 'times new roman', times, serif;\">6.1. Ser\u00e3o classificados os candidatos que apresentarem melhor curriculum vitae e habilidades necess\u00e1rias para desenvolver as atividades propostas.<\/span><br \/>\n<span style=\"font-family: 'times new roman', times, serif;\">6.2. Os classificados ser\u00e3o convocados por e-mail informado para uma entrevista.<\/span><br \/>\n<span style=\"font-family: 'times new roman', times, serif;\">6.3. Os candidatos classificados dever\u00e3o apresentar-se na data, hor\u00e1rio e local indicado para realiza\u00e7\u00e3o da avalia\u00e7\u00e3o para entrevista. <\/span><\/p>\n<p style=\"text-align: justify;\"><span style=\"font-family: 'times new roman', times, serif;\"><strong>7. DA CONTRATA\u00c7\u00c3O<\/strong><\/span><\/p>\n<p style=\"text-align: justify;\"><span style=\"font-family: 'times new roman', times, serif;\">7.1. O candidato classificado ser\u00e1 convocado para a contrata\u00e7\u00e3o mediante contato via e- mail do setor da Biblioteca do IAU.<\/span><\/p>\n<p style=\"text-align: justify;\"><span style=\"font-family: 'times new roman', times, serif;\">7.2. Para a contrata\u00e7\u00e3o, o candidato classificado conforme item 6, dever\u00e1 apresentar, no prazo m\u00e1ximo de 5 (cinco) dias \u00fateis contados do primeiro dia \u00fatil seguinte ao envio do e-mail de convoca\u00e7\u00e3o, os documentos listados abaixo, sob pena de ser considerado<\/span><br \/>\n<span style=\"font-family: 'times new roman', times, serif;\">desistente do processo seletivo.<\/span><br \/>\n<span style=\"font-family: 'times new roman', times, serif;\">&#8211; comprovante de matr\u00edcula no curso de gradua\u00e7\u00e3o exigido no item 1.2, reconhecido pelo MEC,<\/span><br \/>\n<span style=\"font-family: 'times new roman', times, serif;\">&#8211; hist\u00f3rico escolar;<\/span><br \/>\n<span style=\"font-family: 'times new roman', times, serif;\">&#8211; c\u00e9dula de identidade,<\/span><br \/>\n<span style=\"font-family: 'times new roman', times, serif;\">&#8211; cadastro de pessoa f\u00edsica (CPF),<\/span><br \/>\n<span style=\"font-family: 'times new roman', times, serif;\">&#8211; t\u00edtulo de eleitor,<\/span><br \/>\n<span style=\"font-family: 'times new roman', times, serif;\">&#8211; comprova\u00e7\u00e3o de regularidade junto \u00e0 Justi\u00e7a Eleitoral,<\/span><br \/>\n<span style=\"font-family: 'times new roman', times, serif;\">&#8211; comprova\u00e7\u00e3o junto ao Servi\u00e7o Militar, no caso de sexo masculino,<\/span><br \/>\n<span style=\"font-family: 'times new roman', times, serif;\">&#8211; comprovante de resid\u00eancia e<\/span><br \/>\n<span style=\"font-family: 'times new roman', times, serif;\">&#8211; n\u00famero de conta banc\u00e1ria junto ao Banco do Brasil.<\/span><br \/>\n<span style=\"font-family: 'times new roman', times, serif;\">7.3. O n\u00e3o atendimento, pelo candidato, das condi\u00e7\u00f5es estabelecidas no item 1.2 implicar\u00e1 em sua exclus\u00e3o do processo seletivo. <\/span><\/p>\n<p style=\"text-align: justify;\"><span style=\"font-family: 'times new roman', times, serif;\"><strong>8. DA VALIDADE<\/strong><\/span><\/p>\n<p style=\"text-align: justify;\"><span style=\"font-family: 'times new roman', times, serif;\">8.1. O presente processo seletivo ter\u00e1 a validade de 12 (doze) meses, a contar da data de Homologa\u00e7\u00e3o do resultado.<\/span><\/p>\n<p style=\"text-align: justify;\"><span style=\"font-family: 'times new roman', times, serif;\"><strong>9. DAS DISPOSI\u00c7\u00d5ES FINAIS<\/strong><\/span><\/p>\n<p style=\"text-align: justify;\"><span style=\"font-family: 'times new roman', times, serif;\">9.1. O estagi\u00e1rio dever\u00e1 elaborar relat\u00f3rio das atividades ao final do per\u00edodo de est\u00e1gio e encaminh\u00e1-lo para considera\u00e7\u00e3o do Diretor do IAU.<\/span><br \/>\n<span style=\"font-family: 'times new roman', times, serif;\">9.2. O supervisor respons\u00e1vel pelo est\u00e1gio poder\u00e1, a qualquer tempo, solicitar a dispensa do estagi\u00e1rio, mediante justificativa que dever\u00e1 ser apreciada pelo Diretor do IAU.<\/span><\/p>\n<p><img decoding=\"async\" src=\"https:\/\/www.iau.usp.br\/wp-content\/uploads\/2024\/01\/logo_principal_assinatura02_preto-1024x227.png\" \/><\/p>\n","protected":false},"excerpt":{"rendered":"<p>Edital Biblioteca \/IAU\/USP no 01\/2025 Edital de Abertura de Inscri\u00e7\u00f5es para o Preenchimento de 01 (uma) vaga para a Fun\u00e7\u00e3o de Estagi\u00e1rio para o IAU-USP. A Diretoria do Instituto de Arquitetura e Urbanismo (IAU) da USP torna p\u00fablica a abertura de processo seletivo para preenchimento de 01 (uma) vaga para a fun\u00e7\u00e3o de estagi\u00e1rio junto&hellip; <a class=\"more-link\" href=\"https:\/\/eesc.usp.br\/estagios-admin\/?p=8885\">Continuar lendo <span class=\"screen-reader-text\">Edital para a sele\u00e7\u00e3o de estagi\u00e1rio junto \u00e0 Biblioteca do IAU<\/span><\/a><\/p>\n","protected":false},"author":9,"featured_media":0,"comment_status":"closed","ping_status":"closed","sticky":false,"template":"","format":"standard","meta":{"footnotes":""},"categories":[7],"tags":[],"class_list":["post-8885","post","type-post","status-publish","format-standard","hentry","category-vagas-de-estagios","entry"],"_links":{"self":[{"href":"https:\/\/eesc.usp.br\/estagios-admin\/index.php?rest_route=\/wp\/v2\/posts\/8885","targetHints":{"allow":["GET"]}}],"collection":[{"href":"https:\/\/eesc.usp.br\/estagios-admin\/index.php?rest_route=\/wp\/v2\/posts"}],"about":[{"href":"https:\/\/eesc.usp.br\/estagios-admin\/index.php?rest_route=\/wp\/v2\/types\/post"}],"author":[{"embeddable":true,"href":"https:\/\/eesc.usp.br\/estagios-admin\/index.php?rest_route=\/wp\/v2\/users\/9"}],"replies":[{"embeddable":true,"href":"https:\/\/eesc.usp.br\/estagios-admin\/index.php?rest_route=%2Fwp%2Fv2%2Fcomments&post=8885"}],"version-history":[{"count":1,"href":"https:\/\/eesc.usp.br\/estagios-admin\/index.php?rest_route=\/wp\/v2\/posts\/8885\/revisions"}],"predecessor-version":[{"id":8886,"href":"https:\/\/eesc.usp.br\/estagios-admin\/index.php?rest_route=\/wp\/v2\/posts\/8885\/revisions\/8886"}],"wp:attachment":[{"href":"https:\/\/eesc.usp.br\/estagios-admin\/index.php?rest_route=%2Fwp%2Fv2%2Fmedia&parent=8885"}],"wp:term":[{"taxonomy":"category","embeddable":true,"href":"https:\/\/eesc.usp.br\/estagios-admin\/index.php?rest_route=%2Fwp%2Fv2%2Fcategories&post=8885"},{"taxonomy":"post_tag","embeddable":true,"href":"https:\/\/eesc.usp.br\/estagios-admin\/index.php?rest_route=%2Fwp%2Fv2%2Ftags&post=8885"}],"curies":[{"name":"wp","href":"https:\/\/api.w.org\/{rel}","templated":true}]}}