{"id":8921,"date":"2025-02-20T13:54:07","date_gmt":"2025-02-20T16:54:07","guid":{"rendered":"https:\/\/eesc.usp.br\/estagios-admin\/?p=8921"},"modified":"2025-02-20T13:54:07","modified_gmt":"2025-02-20T16:54:07","slug":"uol-talents-programa-de-estagio","status":"publish","type":"post","link":"https:\/\/eesc.usp.br\/estagios-admin\/?p=8921","title":{"rendered":"UOL TALENTS PROGRAMA DE EST\u00c1GIO"},"content":{"rendered":"<p style=\"text-align: justify;\"><span style=\"font-family: 'times new roman', times, serif;\">#SOBRE O UOL TALENTS<\/span><br \/>\n<span style=\"font-family: 'times new roman', times, serif;\">\u00a0<\/span><br \/>\n<span style=\"font-family: 'times new roman', times, serif;\">O UOL Talents oferece mais de 20 vagas nas \u00e1reas de Conte\u00fado, Marketing, Produtos, Intelig\u00eancia de Mercado, CRM, Parcerias e Planejamento de M\u00eddia<\/span><\/p>\n<p><span style=\"font-family: 'times new roman', times, serif;\">Estamos em busca de estudantes conectados, colaborativos, que tenham energia e muita vontade de aprender.<\/span><\/p>\n<ul style=\"text-align: justify;\">\n<li><span style=\"font-family: 'times new roman', times, serif;\">Inova\u00e7\u00e3o: trabalhe em projetos que est\u00e3o na vanguarda.<\/span><\/li>\n<li><span style=\"font-family: 'times new roman', times, serif;\">Desenvolvimento: aprenda com os melhores e se prepare para uma carreira de sucesso.<\/span><\/li>\n<li><span style=\"font-family: 'times new roman', times, serif;\">Cultura \u00fanica: o UOL \u00e9 mais do que uma empresa, \u00e9 um universo de oportunidades.<\/span><\/li>\n<\/ul>\n<p style=\"text-align: justify;\"><span style=\"font-family: 'times new roman', times, serif;\"><strong>#VemProUOLTalents<\/strong><\/span><\/p>\n<p style=\"text-align: justify;\"><span style=\"font-family: 'times new roman', times, serif;\"><strong>Pr\u00e9-requisitos:<\/strong><\/span><\/p>\n<ul style=\"text-align: justify;\">\n<li><span style=\"font-family: 'times new roman', times, serif;\">Estar cursando bacharelado ou tecn\u00f3logo com forma\u00e7\u00e3o prevista a partir de julho\/2026 nos cursos de Jornalismo, Marketing, Publicidade e Propaganda, R\u00e1dio e TV, Administra\u00e7\u00e3o, Sistemas da Informa\u00e7\u00e3o, Engenharias (todas), Ci\u00eancias Cont\u00e1beis, Economia ou \u00e1reas correlatas;<\/span><\/li>\n<li><span style=\"font-family: 'times new roman', times, serif;\">Ter 18 anos ou mais;<\/span><\/li>\n<li><span style=\"font-family: 'times new roman', times, serif;\">Ter disponibilidade para estagiar por 6 horas cont\u00ednuas diariamente em hor\u00e1rio comercial totalizando 30 horas semanais, presencialmente em<b> S\u00e3o Paulo\/SP ou Rio de Janeiro\/RJ.<\/b><\/span><\/li>\n<\/ul>\n<p style=\"text-align: justify;\"><span style=\"font-family: 'times new roman', times, serif;\"><strong style=\"background-color: var(--global--color-background); color: var(--global--color-primary); font-size: var(--global--font-size-base);\">Benef\u00edcios:<\/strong><\/span><\/p>\n<ul style=\"text-align: justify;\">\n<li><span style=\"font-family: 'times new roman', times, serif;\">Bolsa aux\u00edlio compat\u00edvel com o mercado,<\/span><\/li>\n<li><span style=\"font-family: 'times new roman', times, serif;\">Vale Alimenta\u00e7\u00e3o e\/ou Refei\u00e7\u00e3o<\/span><\/li>\n<li><span style=\"font-family: 'times new roman', times, serif;\">Vale Transporte<\/span><\/li>\n<li><span style=\"font-family: 'times new roman', times, serif;\">Plano de Sa\u00fade e Odontol\u00f3gico,<\/span><\/li>\n<li><span style=\"font-family: 'times new roman', times, serif;\">Seguro de Vida<\/span><\/li>\n<li><span style=\"font-family: 'times new roman', times, serif;\">Totalpass e muitos outros benef\u00edcios.<\/span><\/li>\n<\/ul>\n<p style=\"text-align: justify;\"><span style=\"font-family: 'times new roman', times, serif;\"><strong style=\"background-color: var(--global--color-background); color: var(--global--color-primary); font-size: var(--global--font-size-base);\">CONHE\u00c7A AS \u00c1REAS DE ATUA\u00c7\u00c3O:<\/strong><\/span><\/p>\n<ul style=\"text-align: justify;\">\n<li><span style=\"font-family: 'times new roman', times, serif;\">Conte\u00fado, Produtos, Planejamento de M\u00eddia, Marketing, CRM, Intelig\u00eancia de mercado e Parcerias.<\/span><\/li>\n<\/ul>\n<p style=\"text-align: justify;\"><span style=\"font-family: 'times new roman', times, serif;\"><strong>Inscreva-se em:<\/strong>\u00a0 <a href=\"https:\/\/bit.ly\/4gIdmv2\" target=\"_blank\" rel=\"noopener\" data-saferedirecturl=\"https:\/\/www.google.com\/url?q=https:\/\/bit.ly\/4gIdmv2&amp;source=gmail&amp;ust=1740156398439000&amp;usg=AOvVaw0r0vRtMXez4m5m4bhqHUOT\">https:\/\/bit.ly\/4gIdmv2<\/a><\/span><\/p>\n<p><span style=\"font-family: 'times new roman', times, serif;\"><strong>Inscri\u00e7\u00f5es at\u00e9: 27\/02<\/strong><\/span><\/p>\n<p><a href=\"https:\/\/uoltalents.gupy.io\/?utm_source=faculdades_matchbox&amp;utm_medium=organic&amp;utm_campaign=faculdades_matchbox\"><img decoding=\"async\" src=\"https:\/\/attachments.gupy.io\/production\/companies\/400\/career\/203587\/images\/2025-02-13_17-02_bannerUrl.jpg\" alt=\"Foto de capa da empresa\" \/><\/a><\/p>\n","protected":false},"excerpt":{"rendered":"<p>#SOBRE O UOL TALENTS \u00a0 O UOL Talents oferece mais de 20 vagas nas \u00e1reas de Conte\u00fado, Marketing, Produtos, Intelig\u00eancia de Mercado, CRM, Parcerias e Planejamento de M\u00eddia Estamos em busca de estudantes conectados, colaborativos, que tenham energia e muita vontade de aprender. Inova\u00e7\u00e3o: trabalhe em projetos que est\u00e3o na vanguarda. Desenvolvimento: aprenda com os&hellip; <a class=\"more-link\" href=\"https:\/\/eesc.usp.br\/estagios-admin\/?p=8921\">Continuar lendo <span class=\"screen-reader-text\">UOL TALENTS PROGRAMA DE EST\u00c1GIO<\/span><\/a><\/p>\n","protected":false},"author":9,"featured_media":0,"comment_status":"closed","ping_status":"closed","sticky":false,"template":"","format":"standard","meta":{"footnotes":""},"categories":[7],"tags":[],"class_list":["post-8921","post","type-post","status-publish","format-standard","hentry","category-vagas-de-estagios","entry"],"_links":{"self":[{"href":"https:\/\/eesc.usp.br\/estagios-admin\/index.php?rest_route=\/wp\/v2\/posts\/8921","targetHints":{"allow":["GET"]}}],"collection":[{"href":"https:\/\/eesc.usp.br\/estagios-admin\/index.php?rest_route=\/wp\/v2\/posts"}],"about":[{"href":"https:\/\/eesc.usp.br\/estagios-admin\/index.php?rest_route=\/wp\/v2\/types\/post"}],"author":[{"embeddable":true,"href":"https:\/\/eesc.usp.br\/estagios-admin\/index.php?rest_route=\/wp\/v2\/users\/9"}],"replies":[{"embeddable":true,"href":"https:\/\/eesc.usp.br\/estagios-admin\/index.php?rest_route=%2Fwp%2Fv2%2Fcomments&post=8921"}],"version-history":[{"count":1,"href":"https:\/\/eesc.usp.br\/estagios-admin\/index.php?rest_route=\/wp\/v2\/posts\/8921\/revisions"}],"predecessor-version":[{"id":8922,"href":"https:\/\/eesc.usp.br\/estagios-admin\/index.php?rest_route=\/wp\/v2\/posts\/8921\/revisions\/8922"}],"wp:attachment":[{"href":"https:\/\/eesc.usp.br\/estagios-admin\/index.php?rest_route=%2Fwp%2Fv2%2Fmedia&parent=8921"}],"wp:term":[{"taxonomy":"category","embeddable":true,"href":"https:\/\/eesc.usp.br\/estagios-admin\/index.php?rest_route=%2Fwp%2Fv2%2Fcategories&post=8921"},{"taxonomy":"post_tag","embeddable":true,"href":"https:\/\/eesc.usp.br\/estagios-admin\/index.php?rest_route=%2Fwp%2Fv2%2Ftags&post=8921"}],"curies":[{"name":"wp","href":"https:\/\/api.w.org\/{rel}","templated":true}]}}