{"id":8964,"date":"2025-03-10T18:41:30","date_gmt":"2025-03-10T21:41:30","guid":{"rendered":"http:\/\/p=8964"},"modified":"2025-03-31T13:24:43","modified_gmt":"2025-03-31T16:24:43","slug":"consultor-de-vendas-na-zona-leste-ramo-de-grafite","status":"publish","type":"post","link":"https:\/\/eesc.usp.br\/estagios-admin\/?p=8964","title":{"rendered":"Consultor de Vendas na Zona Leste (Ramo de Grafite)"},"content":{"rendered":"<p style=\"text-align: justify;\"><span style=\"font-family: 'times new roman', times, serif;\">Vamos falar de uma grande oportunidade para profissionais engajados e prontos para crescimento! Se voc\u00ea tem paix\u00e3o por vendas, experi\u00eancia no relacionamento com distribuidoras, e n\u00e3o tem medo de colocar a m\u00e3o na massa, essa vaga pode ser o pr\u00f3ximo passo certo na sua carreira.<\/span><\/p>\n<p style=\"text-align: justify;\"><span style=\"font-family: 'times new roman', times, serif;\"><strong>Sobre a empresa:<\/strong> Ind\u00fastria com 30 anos de experi\u00eancia na fabrica\u00e7\u00e3o e distribui\u00e7\u00e3o de escovas de carv\u00e3o para setores diversos, de ferramentas el\u00e9tricas a grandes m\u00e1quinas industriais. Atuando com forte compromisso com a qualidade e atendimento personalizado, a empresa valoriza o desenvolvimento de seus profissionais e est\u00e1 em plena expans\u00e3o. Localizada na Zona Leste de S\u00e3o Paulo, com f\u00e1cil acesso por meio de uma avenida principal.<\/span><\/p>\n<p style=\"text-align: justify;\"><span style=\"font-family: 'times new roman', times, serif;\"><strong>Atividades da vaga:<\/strong> Atendimento multicanal e presencial a clientes. Negocia\u00e7\u00e3o e fechamento de vendas, incluindo follow-up e p\u00f3s-venda. Gerenciamento de carteira de clientes, fideliza\u00e7\u00e3o e desenvolvimento de estrat\u00e9gias para aumento de vendas. Prospec\u00e7\u00e3o de novos clientes e desenvolvimento de relacionamento B2B. Manuten\u00e7\u00e3o do ambiente de trabalho, assegurando limpeza e organiza\u00e7\u00e3o. Visitas e representa\u00e7\u00f5es externas quando necess\u00e1rio.<\/span><\/p>\n<p style=\"text-align: justify;\"><span style=\"font-family: 'times new roman', times, serif;\"><strong>O que voc\u00ea precisa ter:<\/strong> Experi\u00eancia em vendas e negocia\u00e7\u00e3o com distribuidoras de m\u00e9dio e grande porte. Viv\u00eancia no atendimento e prospec\u00e7\u00e3o de clientes B2B. T\u00e9cnicas de Rapport e entendimento de dor. Disponibilidade para viagens, incluindo deslocamentos a n\u00edvel nacional.<\/span><\/p>\n<p style=\"text-align: justify;\"><span style=\"font-family: 'times new roman', times, serif;\"><strong>O que a empresa oferece:<\/strong> Sal\u00e1rio base de R$ 2.000,00, com possibilidade de negocia\u00e7\u00e3o. Comiss\u00e3o m\u00e9dia inicial estimada em R$ 1500,00, com metas escal\u00e1veis e bonifica\u00e7\u00f5es espor\u00e1dicas &#8211; SEM TETO PARA O COMISSIONAMENTO. Vale-alimenta\u00e7\u00e3o de R$ 200,00. Vale-transporte, com possibilidade de troca por ajuda de custo. Treinamento intensivo nos primeiros tr\u00eas meses para alinhamento e adapta\u00e7\u00e3o ao sistema de trabalho. Ambiente de trabalho din\u00e2mico, com oportunidades de crescimento profissional.<\/span><\/p>\n<p style=\"text-align: justify;\"><span style=\"font-family: 'times new roman', times, serif;\"><strong>Hor\u00e1rio de trabalho, tipo e modalidade de contrato:<\/strong> Segunda a sexta, das 8h \u00e0s 18h (com 1h de intervalo e sa\u00edda \u00e0s 17h nas sextas). Contra CLT, carteira assinada. Modalidade: Presencial, com possibilidade de deslocamento nacional.<\/span><\/p>\n<p><img decoding=\"async\" class=\"alignnone size-full wp-image-8966 aligncenter\" src=\"https:\/\/www.eesc.usp.br\/estagios-admin\/wp-content\/uploads\/2025\/03\/imagem-vaga.png\" alt=\"\" \/><\/p>\n","protected":false},"excerpt":{"rendered":"<p>Vamos falar de uma grande oportunidade para profissionais engajados e prontos para crescimento! Se voc\u00ea tem paix\u00e3o por vendas, experi\u00eancia no relacionamento com distribuidoras, e n\u00e3o tem medo de colocar a m\u00e3o na massa, essa vaga pode ser o pr\u00f3ximo passo certo na sua carreira. Sobre a empresa: Ind\u00fastria com 30 anos de experi\u00eancia na&hellip; <a class=\"more-link\" href=\"https:\/\/eesc.usp.br\/estagios-admin\/?p=8964\">Continuar lendo <span class=\"screen-reader-text\">Consultor de Vendas na Zona Leste (Ramo de Grafite)<\/span><\/a><\/p>\n","protected":false},"author":8,"featured_media":0,"comment_status":"closed","ping_status":"closed","sticky":false,"template":"","format":"standard","meta":{"footnotes":""},"categories":[7],"tags":[],"class_list":["post-8964","post","type-post","status-publish","format-standard","hentry","category-vagas-de-estagios","entry"],"_links":{"self":[{"href":"https:\/\/eesc.usp.br\/estagios-admin\/index.php?rest_route=\/wp\/v2\/posts\/8964","targetHints":{"allow":["GET"]}}],"collection":[{"href":"https:\/\/eesc.usp.br\/estagios-admin\/index.php?rest_route=\/wp\/v2\/posts"}],"about":[{"href":"https:\/\/eesc.usp.br\/estagios-admin\/index.php?rest_route=\/wp\/v2\/types\/post"}],"author":[{"embeddable":true,"href":"https:\/\/eesc.usp.br\/estagios-admin\/index.php?rest_route=\/wp\/v2\/users\/8"}],"replies":[{"embeddable":true,"href":"https:\/\/eesc.usp.br\/estagios-admin\/index.php?rest_route=%2Fwp%2Fv2%2Fcomments&post=8964"}],"version-history":[{"count":3,"href":"https:\/\/eesc.usp.br\/estagios-admin\/index.php?rest_route=\/wp\/v2\/posts\/8964\/revisions"}],"predecessor-version":[{"id":9024,"href":"https:\/\/eesc.usp.br\/estagios-admin\/index.php?rest_route=\/wp\/v2\/posts\/8964\/revisions\/9024"}],"wp:attachment":[{"href":"https:\/\/eesc.usp.br\/estagios-admin\/index.php?rest_route=%2Fwp%2Fv2%2Fmedia&parent=8964"}],"wp:term":[{"taxonomy":"category","embeddable":true,"href":"https:\/\/eesc.usp.br\/estagios-admin\/index.php?rest_route=%2Fwp%2Fv2%2Fcategories&post=8964"},{"taxonomy":"post_tag","embeddable":true,"href":"https:\/\/eesc.usp.br\/estagios-admin\/index.php?rest_route=%2Fwp%2Fv2%2Ftags&post=8964"}],"curies":[{"name":"wp","href":"https:\/\/api.w.org\/{rel}","templated":true}]}}